{"id":16560,"date":"2021-09-27T08:28:01","date_gmt":"2021-09-27T11:28:01","guid":{"rendered":"https:\/\/www.sertsc.org.br\/site\/?p=16560"},"modified":"2021-09-27T08:28:01","modified_gmt":"2021-09-27T11:28:01","slug":"edital-de-5g-e-vitoria-para-setor-da-radiodifusao-afirma-abratel","status":"publish","type":"post","link":"https:\/\/sertsc.org.br\/site\/edital-de-5g-e-vitoria-para-setor-da-radiodifusao-afirma-abratel\/","title":{"rendered":"Edital de 5G \u00e9 vit\u00f3ria para setor da radiodifus\u00e3o, afirma Abratel"},"content":{"rendered":"<p style=\"text-align: justify;\">Representando empresas da\u00a0<strong>radiodifus\u00e3o<\/strong>, a\u00a0<strong>Abratel\u00a0<\/strong>classificou como uma &#8220;vit\u00f3ria do setor&#8221; o texto final do edital de 5G,\u00a0<a href=\"https:\/\/teletime.com.br\/24\/09\/2021\/anatel-aprova-edital-de-5g-e-preve-leilao-para-4-de-novembro\/\" target=\"_blank\" rel=\"noreferrer noopener follow\" data-wpel-link=\"internal\">aprovado nesta sexta-feira, 24, pela Anatel<\/a>. Entre os pontos comemorados est\u00e3o a garantia de migra\u00e7\u00e3o das parab\u00f3licas (<strong>TVRO<\/strong>) da banda C para a banda Ku.<\/p>\n<p style=\"text-align: justify;\">&#8220;O corpo t\u00e9cnico da Anatel e do MCom fizeram um trabalho exemplar. Seguiram a solu\u00e7\u00e3o de migra\u00e7\u00e3o dos sinais da TVRO para a banda Ku, assegurando a milh\u00f5es de brasileiros do Cadastro \u00danico do governo federal os\u00a0<strong>kits de recep\u00e7\u00e3o de sat\u00e9lite na banda Ku<\/strong>\u00a0e o acesso livre \u00e0 televis\u00e3o aberta, gratuita e de qualidade&#8221;, afirmou, em comunicado, o presidente da Abratel, M\u00e1rcio Novaes.<\/p>\n<p style=\"text-align: justify;\">Desde o in\u00edcio das discuss\u00f5es t\u00e9cnicas envolvendo o 5G, a associa\u00e7\u00e3o e demais entidades do setor de radiodifus\u00e3o defendiam a migra\u00e7\u00e3o como solu\u00e7\u00e3o para o impasse das poss\u00edveis interfer\u00eancias na faixa de\u00a0<strong>3,5 GHz<\/strong>. Atualmente, a frequ\u00eancia \u00e9 usada para a transmiss\u00e3o de canais abertos de televis\u00e3o pela banda C, recebida nas antenas parab\u00f3licas dom\u00e9sticas.<\/p>\n<p style=\"text-align: justify;\">&#8220;Depois de intensos debates e uma forte atua\u00e7\u00e3o da Abratel, o Conselho Diretor da Anatel adotou a migra\u00e7\u00e3o como a solu\u00e7\u00e3o para as interfer\u00eancias no servi\u00e7o de TV aberta por parab\u00f3licas causadas pelas redes de 5G na faixa de 3,5 GHz&#8221;, reiterou a entidade, no comunicado.<\/p>\n<p style=\"text-align: justify;\">A Abratel ainda recorreu a dados j\u00e1 divulgados pela Anatel para estimar que haja hoje\u00a0<strong>17 milh\u00f5es de parab\u00f3licas<\/strong>\u00a0por sinal aberto. Desses, 8,3 milh\u00f5es est\u00e3o no Cadastro \u00danico e devem ter a migra\u00e7\u00e3o custeada a partir dos recursos arrecadados com o leil\u00e3o.<\/p>\n<p style=\"text-align: justify;\">A distribui\u00e7\u00e3o dos kits ser\u00e1 feita por uma entidade a ser criada com a finalidade de lidar com este e outros compromissos da faixa de 3.5 GHz \u2013 a\u00a0<strong>EAF<\/strong>. O custeio damigra\u00e7\u00e3o tamb\u00e9m inclui tamb\u00e9m a instala\u00e7\u00e3o dos novos equipamentos e outras despesas, totalizando um or\u00e7amento de\u00a0<a href=\"https:\/\/teletime.com.br\/13\/09\/2021\/valor-da-migracao-da-banda-c-para-ku-podera-ser-de-r-2269-bilhoes\/\" target=\"_blank\" rel=\"noreferrer noopener follow\" data-wpel-link=\"internal\">cerca de\u00a0<strong>R$ 2,3 bilh\u00f5es<\/strong><\/a>.<\/p>\n<p style=\"text-align: justify;\">\n<p style=\"text-align: justify;\">Fonte: Teletime<\/p>\n","protected":false},"excerpt":{"rendered":"<p>Representando empresas da\u00a0radiodifus\u00e3o, a\u00a0Abratel\u00a0classificou como uma &#8220;vit\u00f3ria do setor&#8221; o&hellip;<\/p>\n<p> <a class=\"more-link\" href=\"https:\/\/sertsc.org.br\/site\/edital-de-5g-e-vitoria-para-setor-da-radiodifusao-afirma-abratel\/\">Leia mais<\/a><\/p>\n","protected":false},"author":1,"featured_media":16561,"comment_status":"open","ping_status":"open","sticky":false,"template":"","format":"standard","meta":{"footnotes":""},"categories":[33,3],"tags":[],"class_list":{"0":"post-16560","1":"post","2":"type-post","3":"status-publish","4":"format-standard","5":"has-post-thumbnail","7":"category-destaques","8":"category-noticias"},"_links":{"self":[{"href":"https:\/\/sertsc.org.br\/site\/wp-json\/wp\/v2\/posts\/16560","targetHints":{"allow":["GET"]}}],"collection":[{"href":"https:\/\/sertsc.org.br\/site\/wp-json\/wp\/v2\/posts"}],"about":[{"href":"https:\/\/sertsc.org.br\/site\/wp-json\/wp\/v2\/types\/post"}],"author":[{"embeddable":true,"href":"https:\/\/sertsc.org.br\/site\/wp-json\/wp\/v2\/users\/1"}],"replies":[{"embeddable":true,"href":"https:\/\/sertsc.org.br\/site\/wp-json\/wp\/v2\/comments?post=16560"}],"version-history":[{"count":0,"href":"https:\/\/sertsc.org.br\/site\/wp-json\/wp\/v2\/posts\/16560\/revisions"}],"wp:featuredmedia":[{"embeddable":true,"href":"https:\/\/sertsc.org.br\/site\/wp-json\/"}],"wp:attachment":[{"href":"https:\/\/sertsc.org.br\/site\/wp-json\/wp\/v2\/media?parent=16560"}],"wp:term":[{"taxonomy":"category","embeddable":true,"href":"https:\/\/sertsc.org.br\/site\/wp-json\/wp\/v2\/categories?post=16560"},{"taxonomy":"post_tag","embeddable":true,"href":"https:\/\/sertsc.org.br\/site\/wp-json\/wp\/v2\/tags?post=16560"}],"curies":[{"name":"wp","href":"https:\/\/api.w.org\/{rel}","templated":true}]}}