{"id":16553,"date":"2021-09-24T14:30:43","date_gmt":"2021-09-24T17:30:43","guid":{"rendered":"https:\/\/www.sertsc.org.br\/site\/?p=16553"},"modified":"2021-09-24T14:30:43","modified_gmt":"2021-09-24T17:30:43","slug":"anatel-da-a-largada-para-leilao-da-5g","status":"publish","type":"post","link":"https:\/\/sertsc.org.br\/site\/anatel-da-a-largada-para-leilao-da-5g\/","title":{"rendered":"Anatel d\u00e1 a largada para leil\u00e3o da 5G"},"content":{"rendered":"<p class=\"selectionShareable\" style=\"text-align: justify;\"><span class=\"bigText\">A <\/span>Ag\u00eancia Nacional de Telecomunica\u00e7\u00f5es (Anatel), em reuni\u00e3o do conselho diretor, aprovou nesta sexta-feira, 24, o edital para o leil\u00e3o da quinta gera\u00e7\u00e3o (5G) m\u00f3vel. A previs\u00e3o \u00e9 que o leil\u00e3o aconte\u00e7a em 4 de novembro e que as primeiras redes comerciais entrem em opera\u00e7\u00e3o a partir de julho do ano que vem, a princ\u00edpio, nas capitais do Pa\u00eds.<\/p>\n<p class=\"selectionShareable\" style=\"text-align: justify;\">No dia 4 de novembro, ser\u00e3o oferecidas faixas em quatro frequ\u00eancias: 700 MHz, 2,3 GHz, 3,5 GHz e 26 GHz. Os valores para explora\u00e7\u00e3o dos ativos ser\u00e3o pagos a partir de obriga\u00e7\u00f5es de cobertura e compromissos. Ao adquirir uma das faixas, as operadoras devem cumprir obriga\u00e7\u00f5es, como investir na cobertura 4G nos munic\u00edpios brasileiros que ainda n\u00e3o t\u00eam essa tecnologia, trabalhar na implanta\u00e7\u00e3o de fibra \u00f3ptica nas localidades que ainda n\u00e3o disp\u00f5em dessa infraestrutura e instalar esta\u00e7\u00f5es 5G em todos os munic\u00edpios do Pa\u00eds (para aquelas que vencerem lotes da faixa 3,5 GHz). Algumas dessas obriga\u00e7\u00f5es devem ser cumpridas j\u00e1 em 2022, enquanto outras t\u00eam prazo maior (at\u00e9 2029).<\/p>\n<p class=\"selectionShareable\" style=\"text-align: justify;\">O leil\u00e3o ser\u00e1 a maior licita\u00e7\u00e3o de telecomunica\u00e7\u00f5es da hist\u00f3ria do Pa\u00eds. O valor l\u00edquido de todas as faixas que ser\u00e3o leiloadas \u2014700 MHz, 2,3 GHz, 3,5 GHz e 26 GHZ \u2014 era estimado, inicialmente, em R$ 45,759 bilh\u00f5es. Contudo, o Minist\u00e9rio das Comunica\u00e7\u00f5es transformou a maior parte desse valor em exig\u00eancias de investimentos por parte das vencedoras do leil\u00e3o. Com isso, a previs\u00e3o \u00e9 que as empresas\u00a0vencedoras paguem R$ 8,6 bilh\u00f5es ao governo e invistam R$ 37 bilh\u00f5es para cumprir as contrapartidas\u00a0previstas no edital. Ou seja, como queriam as teles, o leil\u00e3o n\u00e3o ter\u00e1 vi\u00e9s arrecadat\u00f3rio. As teles ter\u00e3o que investir esse montante at\u00e9 julho de 2027 (cinco anos ap\u00f3s a entrada em opera\u00e7\u00e3o comercial, se os prazos atuais forem mantidos).<\/p>\n<p class=\"selectionShareable\" style=\"text-align: justify;\">O edital prev\u00ea contrapartidas que ter\u00e3o que ser cumpridas pelas empresas vencedoras do leil\u00e3o:<\/p>\n<p class=\"selectionShareable\" style=\"text-align: justify;\">\u2013 oferta de 5G nas capitais do Brasil at\u00e9 julho de 2022;<br \/>\n\u2013 estender 4G a todas as rodovias do Pa\u00eds;<br \/>\n\u2013 migrar o sinal da TV parab\u00f3lica para liberar a faixa de 3,5GHz para o 5G;<br \/>\n\u2013 constru\u00e7\u00e3o de rede privativa de comunica\u00e7\u00e3o\u00a0para a administra\u00e7\u00e3o federal;<br \/>\n\u2013 instala\u00e7\u00e3o de rede de fibra \u00f3ptica, via fluvial, na regi\u00e3o Amaz\u00f4nica; e<br \/>\n\u2013 extens\u00e3o de internet m\u00f3vel de qualidade \u00e0s escolas p\u00fablicas de educa\u00e7\u00e3o b\u00e1sica. O plano de conectividade ser\u00e1 desenvolvido pelo Minist\u00e9rio da Educa\u00e7\u00e3o e executado e custeado pelas operadoras vencedoras da faixa de 26GHz.<\/p>\n<p class=\"selectionShareable\" style=\"text-align: justify;\">\u201cCom os ajustes finais no instrumento convocat\u00f3rio aprovados agora pelo conselho diretor, damos o passo final para possibilitar a realiza\u00e7\u00e3o do\u00a0maior certame licitat\u00f3rio da hist\u00f3ria\u00a0da Anatel, tanto em termos de quantidade quanto em diversidade de espectro\u201d, afirmou o presidente da ag\u00eancia, Leonardo Euler.<\/p>\n<p>&nbsp;<\/p>\n<p>Fonte: Meio&amp;Mensagem<\/p>\n","protected":false},"excerpt":{"rendered":"<p>A Ag\u00eancia Nacional de Telecomunica\u00e7\u00f5es (Anatel), em reuni\u00e3o do conselho&hellip;<\/p>\n<p> <a class=\"more-link\" href=\"https:\/\/sertsc.org.br\/site\/anatel-da-a-largada-para-leilao-da-5g\/\">Leia mais<\/a><\/p>\n","protected":false},"author":1,"featured_media":16554,"comment_status":"open","ping_status":"open","sticky":false,"template":"","format":"standard","meta":{"footnotes":""},"categories":[33,3],"tags":[],"class_list":{"0":"post-16553","1":"post","2":"type-post","3":"status-publish","4":"format-standard","5":"has-post-thumbnail","7":"category-destaques","8":"category-noticias"},"_links":{"self":[{"href":"https:\/\/sertsc.org.br\/site\/wp-json\/wp\/v2\/posts\/16553","targetHints":{"allow":["GET"]}}],"collection":[{"href":"https:\/\/sertsc.org.br\/site\/wp-json\/wp\/v2\/posts"}],"about":[{"href":"https:\/\/sertsc.org.br\/site\/wp-json\/wp\/v2\/types\/post"}],"author":[{"embeddable":true,"href":"https:\/\/sertsc.org.br\/site\/wp-json\/wp\/v2\/users\/1"}],"replies":[{"embeddable":true,"href":"https:\/\/sertsc.org.br\/site\/wp-json\/wp\/v2\/comments?post=16553"}],"version-history":[{"count":0,"href":"https:\/\/sertsc.org.br\/site\/wp-json\/wp\/v2\/posts\/16553\/revisions"}],"wp:featuredmedia":[{"embeddable":true,"href":"https:\/\/sertsc.org.br\/site\/wp-json\/"}],"wp:attachment":[{"href":"https:\/\/sertsc.org.br\/site\/wp-json\/wp\/v2\/media?parent=16553"}],"wp:term":[{"taxonomy":"category","embeddable":true,"href":"https:\/\/sertsc.org.br\/site\/wp-json\/wp\/v2\/categories?post=16553"},{"taxonomy":"post_tag","embeddable":true,"href":"https:\/\/sertsc.org.br\/site\/wp-json\/wp\/v2\/tags?post=16553"}],"curies":[{"name":"wp","href":"https:\/\/api.w.org\/{rel}","templated":true}]}}