{"id":16339,"date":"2021-09-06T09:28:32","date_gmt":"2021-09-06T12:28:32","guid":{"rendered":"https:\/\/www.sertsc.org.br\/site\/?p=16339"},"modified":"2021-09-06T09:28:32","modified_gmt":"2021-09-06T12:28:32","slug":"mcom-nao-descarta-regulacao-para-tvro","status":"publish","type":"post","link":"https:\/\/sertsc.org.br\/site\/mcom-nao-descarta-regulacao-para-tvro\/","title":{"rendered":"MCom n\u00e3o descarta regula\u00e7\u00e3o para TVRO"},"content":{"rendered":"<p style=\"text-align: justify;\">O Minist\u00e9rio das Comunica\u00e7\u00f5es n\u00e3o descarta a possibilidade de regular a TV aberta por sat\u00e9lite ap\u00f3s a\u00a0<a href=\"https:\/\/teletime.com.br\/02\/09\/2021\/operadoras-disputam-pela-escolha-de-satelites-na-migracao-da-banda-c-para-a-ku\/\" target=\"_blank\" rel=\"noreferrer noopener follow\" data-wpel-link=\"internal\">migra\u00e7\u00e3o para a banda Ku<\/a>, a TVRO 2.0. Por enquanto, disse Ot\u00e1vio Caixeta, diretor de regula\u00e7\u00e3o de radiodifus\u00e3o do Minicom, no Congresso Latinoamericano de Sat\u00e9lites, o \u00f3rg\u00e3o faz apenas um acompanhamento do mercado para averiguar se haver\u00e1 a necessidade de uma regula\u00e7\u00e3o espec\u00edfica. &#8220;Se come\u00e7arem a se afastar do modelo livre, aberto e gratuito, podemos intervir&#8221;, disse Caixeta no evento organizado por\u00a0<strong>TELETIME<\/strong>\u00a0e<strong>\u00a0Glasberg Comunica\u00e7\u00f5es<\/strong>. &#8220;At\u00e9 porque n\u00e3o faz sentido usar recursos p\u00fablicos para financiar essa transi\u00e7\u00e3o (para o digital) e, de repente, deixar de ser gratuito&#8221;, completou.<\/p>\n<p style=\"text-align: justify;\">Para os radiodifusores, o modelo mencionado pelo diretor de regula\u00e7\u00e3o de radiodifus\u00e3o \u00e9 a prioridade, ainda que n\u00e3o se descartem a possibilidade de enriquecer as caracter\u00edsticas do futuro modelo de\u00a0<a href=\"https:\/\/teletime.com.br\/tag\/tvro\/\" target=\"_blank\" rel=\"noreferrer noopener follow\" data-wpel-link=\"internal\">TVRO<\/a>. Segundo Ana Eliza Faria e Silva, gerente s\u00eanior de regula\u00e7\u00e3o da Globo, a premissa do setor e da emissora \u00e9 prover aos domic\u00edlios que hoje desfrutam do conte\u00fado via sat\u00e9lite a mesma a experi\u00eancia no futuro. &#8220;N\u00e3o podemos desconsiderar a possibilidade que a migra\u00e7\u00e3o traz de agregar outros atributos da TV aberta ao sat\u00e9lite, mas a prioridade do setor \u00e9 que esteja claro para a popula\u00e7\u00e3o que este \u00e9 um servi\u00e7o aberto e gratuito&#8221;, explica a executiva da Globo. Entre os atributos desej\u00e1veis da TV aberta est\u00e1 a regionaliza\u00e7\u00e3o do conte\u00fado.<\/p>\n<p style=\"text-align: justify;\">&#8220;A principal fun\u00e7\u00e3o da TVRO \u00e9 complementar as nossas distribui\u00e7\u00f5es. Por isso \u00e9 um servi\u00e7o de interesse p\u00fablico. Se a gente puder agregar algum tipo de regionaliza\u00e7\u00e3o de forma controlada para esse p\u00fablico ou outro tipo de servi\u00e7o, ser\u00e1 um diferencial importante&#8221;, concorda Carlos Cauvilla, diretor de tecnologia do SBT.<\/p>\n<p style=\"text-align: justify;\">Para garantir a regionaliza\u00e7\u00e3o, algum tipo de acesso condicional \u00e9 necess\u00e1rio para garantir que o usu\u00e1rio tenha acesso apenas ao conte\u00fado da regi\u00e3o onde est\u00e1. &#8220;H\u00e1 grandes companhias que j\u00e1 desenvolvem a tecnologia de acesso condicional. Tem que ser totalmente acess\u00edvel (em rela\u00e7\u00e3o ao custo) e dispon\u00edvel&#8221;, diz Cauvilla. &#8220;Houve recentemente uma rede que n\u00e3o poderia subir seu sinal para o sat\u00e9lite para n\u00e3o vazar a programa\u00e7\u00e3o em outros pa\u00edses da regi\u00e3o&#8221;, lembra, destacando a import\u00e2ncia de preservar a seguran\u00e7a dos conte\u00fados contratados pelas redes, sobretudo direitos esportivos.<\/p>\n<p style=\"text-align: justify;\">Sobre uma eventual regula\u00e7\u00e3o, o setor v\u00ea que a transi\u00e7\u00e3o tecnol\u00f3gica pode levantar novas discuss\u00f5es, por isso j\u00e1 coloca a regionaliza\u00e7\u00e3o e outros atributos como desej\u00e1veis. &#8220;Ningu\u00e9m vai se furtar de discutir uma regula\u00e7\u00e3o. Mas, na medida em que trouxermos uma regula\u00e7\u00e3o para dentro da TVRO 2.0, os outros atributos da TV aberta s\u00e3o os que gostaria que estejam na mesa para a discuss\u00e3o&#8221;, diz Ana Eliza.<\/p>\n<p style=\"text-align: justify;\">\n<p style=\"text-align: justify;\">Fonte: Teletime<\/p>\n","protected":false},"excerpt":{"rendered":"<p>O Minist\u00e9rio das Comunica\u00e7\u00f5es n\u00e3o descarta a possibilidade de regular&hellip;<\/p>\n<p> <a class=\"more-link\" href=\"https:\/\/sertsc.org.br\/site\/mcom-nao-descarta-regulacao-para-tvro\/\">Leia mais<\/a><\/p>\n","protected":false},"author":1,"featured_media":16340,"comment_status":"open","ping_status":"open","sticky":false,"template":"","format":"standard","meta":{"footnotes":""},"categories":[33,3],"tags":[],"class_list":{"0":"post-16339","1":"post","2":"type-post","3":"status-publish","4":"format-standard","5":"has-post-thumbnail","7":"category-destaques","8":"category-noticias"},"_links":{"self":[{"href":"https:\/\/sertsc.org.br\/site\/wp-json\/wp\/v2\/posts\/16339","targetHints":{"allow":["GET"]}}],"collection":[{"href":"https:\/\/sertsc.org.br\/site\/wp-json\/wp\/v2\/posts"}],"about":[{"href":"https:\/\/sertsc.org.br\/site\/wp-json\/wp\/v2\/types\/post"}],"author":[{"embeddable":true,"href":"https:\/\/sertsc.org.br\/site\/wp-json\/wp\/v2\/users\/1"}],"replies":[{"embeddable":true,"href":"https:\/\/sertsc.org.br\/site\/wp-json\/wp\/v2\/comments?post=16339"}],"version-history":[{"count":0,"href":"https:\/\/sertsc.org.br\/site\/wp-json\/wp\/v2\/posts\/16339\/revisions"}],"wp:featuredmedia":[{"embeddable":true,"href":"https:\/\/sertsc.org.br\/site\/wp-json\/"}],"wp:attachment":[{"href":"https:\/\/sertsc.org.br\/site\/wp-json\/wp\/v2\/media?parent=16339"}],"wp:term":[{"taxonomy":"category","embeddable":true,"href":"https:\/\/sertsc.org.br\/site\/wp-json\/wp\/v2\/categories?post=16339"},{"taxonomy":"post_tag","embeddable":true,"href":"https:\/\/sertsc.org.br\/site\/wp-json\/wp\/v2\/tags?post=16339"}],"curies":[{"name":"wp","href":"https:\/\/api.w.org\/{rel}","templated":true}]}}