{"id":16331,"date":"2021-09-02T15:56:41","date_gmt":"2021-09-02T18:56:41","guid":{"rendered":"https:\/\/www.sertsc.org.br\/site\/?p=16331"},"modified":"2021-09-02T15:56:41","modified_gmt":"2021-09-02T18:56:41","slug":"reuniao-decisiva-para-a-prorrogacao-da-desoneracao-da-folha-ate-2026","status":"publish","type":"post","link":"https:\/\/sertsc.org.br\/site\/reuniao-decisiva-para-a-prorrogacao-da-desoneracao-da-folha-ate-2026\/","title":{"rendered":"Reuni\u00e3o decisiva para a prorroga\u00e7\u00e3o da desonera\u00e7\u00e3o da folha at\u00e9 2026"},"content":{"rendered":"<p style=\"font-weight: 400; text-align: justify;\">O\u00a0<b><strong>deputado Jer\u00f4nimo Goergen (PP-RS)\u00a0<\/strong><\/b>se re\u00fane nesta quarta-feira (1\u00ba) com r<b><strong>epresentantes do governo federal<\/strong><\/b>\u00a0na busca de um a<b><strong>cordo para aprovar o projeto que estende a desonera\u00e7\u00e3o da folha de pagamento at\u00e9 2026<\/strong><\/b>.\u00a0Goergen \u00e9 o relator da proposta, de autoria do deputado Efraim Filho (DEM-PB), na Comiss\u00e3o de Finan\u00e7as e Tributa\u00e7\u00e3o da C\u00e2mara dos Deputados.\u00a0O projeto de desonera\u00e7\u00e3o da folha\u00a0<b><strong>abarca os 17 setores que mais geram empregos na economia do pa\u00eds<\/strong><\/b>. Esses setores, atualmente, empregam cerca de 6 milh\u00f5es de trabalhadores.\u00a0Sem a desonera\u00e7\u00e3o, o mercado de trabalho ser\u00e1 afetado negativamente, o que \u00e9 mais grave neste momento de desemprego alto no pa\u00eds e economia patinando para sair da crise.<\/p>\n<p style=\"font-weight: 400; text-align: justify;\">Goergen tem uma audi\u00eancia \u00e0s 18h30 com o ministro da Economia, Paulo Guedes. Segundo a assessoria do deputado, antes, ele ter\u00e1 um encontro na Secretaria de Governo, respons\u00e1vel pela articula\u00e7\u00e3o pol\u00edtica do governo junto ao Congresso. Representantes de setores da economia que defendem a medida devem participar dos dois encontros.<\/p>\n<p style=\"font-weight: 400; text-align: justify;\">\u00a0<b><strong>Mais cinco anos<\/strong><\/b><\/p>\n<p style=\"font-weight: 400; text-align: justify;\">A desonera\u00e7\u00e3o da folha dos setores que mais empregam no pa\u00eds est\u00e1 prevista para acabar no fim deste ano. O projeto em an\u00e1lise amplia o beneficio at\u00e9 31 de dezembro de 2026, ou seja, por mais cinco anos.\u00a0Goergen, que \u00e9 favor\u00e1vel a estender a desonera\u00e7\u00e3o, tenta vencer a resist\u00eancia da equipe econ\u00f4mica. O deputado tentar\u00e1 costurar um acordo entre as alas pol\u00edtica e econ\u00f4mica do governo para tentar aprovar a proposta ainda em setembro.\u00a0A desonera\u00e7\u00e3o da folha de pagamentos permite \u00e0s empresas substituir a contribui\u00e7\u00e3o previdenci\u00e1ria, de 20% sobre os sal\u00e1rios dos empregados por uma al\u00edquota sobre a receita bruta, que varia de 1% a 4,5%.\u00a0Entre os 17 setores da economia que podem aderir a esse modelo est\u00e3o: as ind\u00fastrias t\u00eaxtil, de cal\u00e7ados, m\u00e1quinas e equipamentos e prote\u00edna animal, constru\u00e7\u00e3o civil,\u00a0<b><strong>comunica\u00e7\u00e3o<\/strong><\/b>\u00a0e transporte rodovi\u00e1rio.<\/p>\n<p style=\"font-weight: 400; text-align: justify;\">Fonte: ACAERT<\/p>\n","protected":false},"excerpt":{"rendered":"<p>O\u00a0deputado Jer\u00f4nimo Goergen (PP-RS)\u00a0se re\u00fane nesta quarta-feira (1\u00ba) com representantes&hellip;<\/p>\n<p> <a class=\"more-link\" href=\"https:\/\/sertsc.org.br\/site\/reuniao-decisiva-para-a-prorrogacao-da-desoneracao-da-folha-ate-2026\/\">Leia mais<\/a><\/p>\n","protected":false},"author":1,"featured_media":16332,"comment_status":"open","ping_status":"open","sticky":false,"template":"","format":"standard","meta":{"footnotes":""},"categories":[3],"tags":[],"class_list":{"0":"post-16331","1":"post","2":"type-post","3":"status-publish","4":"format-standard","5":"has-post-thumbnail","7":"category-noticias"},"_links":{"self":[{"href":"https:\/\/sertsc.org.br\/site\/wp-json\/wp\/v2\/posts\/16331","targetHints":{"allow":["GET"]}}],"collection":[{"href":"https:\/\/sertsc.org.br\/site\/wp-json\/wp\/v2\/posts"}],"about":[{"href":"https:\/\/sertsc.org.br\/site\/wp-json\/wp\/v2\/types\/post"}],"author":[{"embeddable":true,"href":"https:\/\/sertsc.org.br\/site\/wp-json\/wp\/v2\/users\/1"}],"replies":[{"embeddable":true,"href":"https:\/\/sertsc.org.br\/site\/wp-json\/wp\/v2\/comments?post=16331"}],"version-history":[{"count":0,"href":"https:\/\/sertsc.org.br\/site\/wp-json\/wp\/v2\/posts\/16331\/revisions"}],"wp:featuredmedia":[{"embeddable":true,"href":"https:\/\/sertsc.org.br\/site\/wp-json\/"}],"wp:attachment":[{"href":"https:\/\/sertsc.org.br\/site\/wp-json\/wp\/v2\/media?parent=16331"}],"wp:term":[{"taxonomy":"category","embeddable":true,"href":"https:\/\/sertsc.org.br\/site\/wp-json\/wp\/v2\/categories?post=16331"},{"taxonomy":"post_tag","embeddable":true,"href":"https:\/\/sertsc.org.br\/site\/wp-json\/wp\/v2\/tags?post=16331"}],"curies":[{"name":"wp","href":"https:\/\/api.w.org\/{rel}","templated":true}]}}