{"id":16323,"date":"2021-09-02T09:31:04","date_gmt":"2021-09-02T12:31:04","guid":{"rendered":"https:\/\/www.sertsc.org.br\/site\/?p=16323"},"modified":"2021-09-02T09:31:04","modified_gmt":"2021-09-02T12:31:04","slug":"cadastramento-de-estacoes-da-banda-c-estendida-na-anatel-pode-ter-prazo-adicional","status":"publish","type":"post","link":"https:\/\/sertsc.org.br\/site\/cadastramento-de-estacoes-da-banda-c-estendida-na-anatel-pode-ter-prazo-adicional\/","title":{"rendered":"Cadastramento de esta\u00e7\u00f5es da banda C estendida na Anatel pode ter prazo adicional"},"content":{"rendered":"<p style=\"text-align: justify;\"><a href=\"https:\/\/teletime.com.br\/01\/09\/2021\/antecipar-prazos-do-inicio-do-5g-nao-sera-facil-alerta-conselheiro-da-anatel\/\" target=\"_blank\" rel=\"noreferrer noopener follow\" data-wpel-link=\"internal\">Al\u00e9m das dificuldades<\/a>\u00a0da implanta\u00e7\u00e3o da Entidade Administradora da Faixa de 3,5 GHz (EAF) e do consequente grupo que vai operacionalizar as tarefas relacionadas, o Gaispi, a limpeza do espectro para permitir o in\u00edcio do 5G ainda precisa lidar com a migra\u00e7\u00e3o das esta\u00e7\u00f5es profissionais que utilizam a banda C estendida (3.625-3.700 MHz). A Anatel havia estabelecido um prazo at\u00e9 o fim de mar\u00e7o para que as empresas de radiodifus\u00e3o cadastrassem os equipamentos, mas\u00a0<a href=\"https:\/\/teletime.com.br\/01\/04\/2021\/fim-do-prazo-para-cadastrar-estacoes-profissionais-em-banda-c-preocupa-satelitais\/\" target=\"_blank\" rel=\"noreferrer noopener follow\" data-wpel-link=\"internal\">j\u00e1 havia o temor de que muitas tenham ficado de fora<\/a>.<\/p>\n<p style=\"text-align: justify;\">Agora, h\u00e1 uma possibilidade de prazo adicional. Nesta quarta, 1\u00ba, durante o Congresso Latinoamericano de Sat\u00e9lites, evento organizado por\u00a0<strong>TELETIME<\/strong>\u00a0e\u00a0<strong>Glasberg Comunica\u00e7\u00f5es<\/strong>, o presidente do Sindisat, Luiz Ot\u00e1vio Prates, sugeriu ao conselheiro da Anatel Mois\u00e9s Moreira uma extens\u00e3o do prazo, encerrado 30 dias ap\u00f3s a aprova\u00e7\u00e3o da minuta do edital do 5G na Anatel \u2013 ou seja, no \u00faltimo dia 1\u00ba de abril.<\/p>\n<p style=\"text-align: justify;\">Moreira argumentou que foi dada muita publicidade ao tema e que foi conversado com a radiodifus\u00e3o para que os propriet\u00e1rios fizessem o cadastramento, mas declarou que poderia levantar a hip\u00f3tese durante a aprecia\u00e7\u00e3o final do edital do 5G no conselho diretor. &#8220;Acho que essa sugest\u00e3o para dar mais prazo pode ser acatada, vamos ver a possibilidade disso.&#8221; A mat\u00e9ria est\u00e1 sendo relatada pelo conselheiro Emmanoel Campelo.<\/p>\n<p style=\"text-align: justify;\">Prates justifica que as atividades da EAF precisam ser conduzidas com cautela, uma vez que h\u00e1 muitos desafios at\u00e9 com o levantamento das esta\u00e7\u00f5es profissionais na banda C na Anatel. Segundo o presidente do Sindisat, apesar das campanhas de incentivo para o cadastramento nos \u00faltimos meses, empresas encontraram dificuldades. &#8220;A gente sabe que as operadoras muitas vezes n\u00e3o t\u00eam esta\u00e7\u00f5es terrenas licenciada em nome delas, h\u00e1 um intermedi\u00e1rio&#8221;, explica.<\/p>\n<p style=\"text-align: justify;\">Muitas empresas tamb\u00e9m acabam n\u00e3o tendo uma \u00e1rea de regulat\u00f3rio para tratar de licen\u00e7as e sequer sabiam dessa quest\u00e3o. Os provedores afetados que n\u00e3o reportarem \u00e0 ag\u00eancia, al\u00e9m de terem a transmiss\u00e3o afetada, ainda n\u00e3o teriam direito \u00e0 indeniza\u00e7\u00e3o para a migra\u00e7\u00e3o. Prates coloca que n\u00e3o \u00e9 dif\u00edcil afirmar se ainda faltam muitas esta\u00e7\u00f5es, mas que \u00e9 poss\u00edvel.<\/p>\n<p style=\"text-align: justify;\">A migra\u00e7\u00e3o da banda C estendida \u00e9 necess\u00e1ria porque esses equipamentos invariavelmente sofreriam interfer\u00eancias com a utiliza\u00e7\u00e3o do espectro para o servi\u00e7o 5G, previsto para come\u00e7ar a ser utilizado nas capitais e Distrito Federal. Essa \u00e9 inclusive mais uma barreira \u00e0 antecipa\u00e7\u00e3o do cronograma para o in\u00edcio das opera\u00e7\u00f5es, como o Tribunal de Contas da Uni\u00e3o, a\u00a0<a href=\"https:\/\/teletime.com.br\/30\/08\/2021\/tecnicos-da-anatel-recomendam-antecipacao-do-5g-mas-vetam-mudanca-na-ordem-das-cidades\/\" target=\"_blank\" rel=\"noreferrer noopener follow\" data-wpel-link=\"internal\">\u00e1rea t\u00e9cnica da Anatel<\/a>\u00a0e o\u00a0<a href=\"https:\/\/teletime.com.br\/24\/08\/2021\/fabio-faria-acredita-que-sp-e-rj-terao-5g-ainda-em-dezembro\/\" target=\"_blank\" rel=\"noreferrer noopener follow\" data-wpel-link=\"internal\">Minist\u00e9rio das Comunica\u00e7\u00f5es<\/a>\u00a0desejam.<\/p>\n<p style=\"text-align: justify;\">\n<p style=\"text-align: justify;\">Fonte: Teletime<\/p>\n","protected":false},"excerpt":{"rendered":"<p>Al\u00e9m das dificuldades\u00a0da implanta\u00e7\u00e3o da Entidade Administradora da Faixa de&hellip;<\/p>\n<p> <a class=\"more-link\" href=\"https:\/\/sertsc.org.br\/site\/cadastramento-de-estacoes-da-banda-c-estendida-na-anatel-pode-ter-prazo-adicional\/\">Leia mais<\/a><\/p>\n","protected":false},"author":1,"featured_media":16324,"comment_status":"open","ping_status":"open","sticky":false,"template":"","format":"standard","meta":{"footnotes":""},"categories":[33,3],"tags":[],"class_list":{"0":"post-16323","1":"post","2":"type-post","3":"status-publish","4":"format-standard","5":"has-post-thumbnail","7":"category-destaques","8":"category-noticias"},"_links":{"self":[{"href":"https:\/\/sertsc.org.br\/site\/wp-json\/wp\/v2\/posts\/16323","targetHints":{"allow":["GET"]}}],"collection":[{"href":"https:\/\/sertsc.org.br\/site\/wp-json\/wp\/v2\/posts"}],"about":[{"href":"https:\/\/sertsc.org.br\/site\/wp-json\/wp\/v2\/types\/post"}],"author":[{"embeddable":true,"href":"https:\/\/sertsc.org.br\/site\/wp-json\/wp\/v2\/users\/1"}],"replies":[{"embeddable":true,"href":"https:\/\/sertsc.org.br\/site\/wp-json\/wp\/v2\/comments?post=16323"}],"version-history":[{"count":0,"href":"https:\/\/sertsc.org.br\/site\/wp-json\/wp\/v2\/posts\/16323\/revisions"}],"wp:featuredmedia":[{"embeddable":true,"href":"https:\/\/sertsc.org.br\/site\/wp-json\/"}],"wp:attachment":[{"href":"https:\/\/sertsc.org.br\/site\/wp-json\/wp\/v2\/media?parent=16323"}],"wp:term":[{"taxonomy":"category","embeddable":true,"href":"https:\/\/sertsc.org.br\/site\/wp-json\/wp\/v2\/categories?post=16323"},{"taxonomy":"post_tag","embeddable":true,"href":"https:\/\/sertsc.org.br\/site\/wp-json\/wp\/v2\/tags?post=16323"}],"curies":[{"name":"wp","href":"https:\/\/api.w.org\/{rel}","templated":true}]}}