{"id":16309,"date":"2021-09-01T15:52:05","date_gmt":"2021-09-01T18:52:05","guid":{"rendered":"https:\/\/www.sertsc.org.br\/site\/?p=16309"},"modified":"2021-09-01T15:52:05","modified_gmt":"2021-09-01T18:52:05","slug":"reuniao-paritaria-sert-sc-e-sindiradio-tv-norte-sc","status":"publish","type":"post","link":"https:\/\/sertsc.org.br\/site\/reuniao-paritaria-sert-sc-e-sindiradio-tv-norte-sc\/","title":{"rendered":"Reuni\u00e3o Parit\u00e1ria"},"content":{"rendered":"<p style=\"text-align: justify;\">Foi realizada nesta quarta-feira (1\/9) uma reuni\u00e3o entre representantes do SERT\/SC e do Sindir\u00e1dio-TV Norte\/SC. Em nome do Sindir\u00e1dio-TV Norte\/SC, compareceram o presidente, M\u00e1rio Jos\u00e9 de Souza Leal, e o assessor jur\u00eddico, Dr. Sal\u00e9zio St\u00e4helin. J\u00e1 em nome do SERT\/SC, estiveram a presidente, Ana Paula Melo, e o assessor jur\u00eddico, Dr. Marcos Silveira.<\/p>\n<p style=\"text-align: justify;\">O encontro ocorreu no escrit\u00f3rio St\u00e4helin Advogados Associados e envolveu diversos assuntos relacionados aos profisisonais de r\u00e1dio e TV. Foi discutida a 40\u00aa cl\u00e1usula da CCT-2021, para tratativas da forma\u00e7\u00e3o da Comiss\u00e3o Parit\u00e1ria. Ambas as partes consideraram a reuni\u00e3o muito positiva.<\/p>\n<p><img fetchpriority=\"high\" decoding=\"async\" class=\"aligncenter wp-image-16310 size-full\" src=\"https:\/\/www.sertsc.org.br\/site\/wp-content\/uploads\/2021\/09\/241031062_1282664452178745_7894430723943516564_n.jpg\" alt=\"\" width=\"1024\" height=\"603\" \/><\/p>\n","protected":false},"excerpt":{"rendered":"<p>Foi realizada nesta quarta-feira (1\/9) uma reuni\u00e3o entre representantes do&hellip;<\/p>\n<p> <a class=\"more-link\" href=\"https:\/\/sertsc.org.br\/site\/reuniao-paritaria-sert-sc-e-sindiradio-tv-norte-sc\/\">Leia mais<\/a><\/p>\n","protected":false},"author":1,"featured_media":16310,"comment_status":"open","ping_status":"open","sticky":false,"template":"","format":"standard","meta":{"footnotes":""},"categories":[33,3],"tags":[],"class_list":{"0":"post-16309","1":"post","2":"type-post","3":"status-publish","4":"format-standard","5":"has-post-thumbnail","7":"category-destaques","8":"category-noticias"},"_links":{"self":[{"href":"https:\/\/sertsc.org.br\/site\/wp-json\/wp\/v2\/posts\/16309","targetHints":{"allow":["GET"]}}],"collection":[{"href":"https:\/\/sertsc.org.br\/site\/wp-json\/wp\/v2\/posts"}],"about":[{"href":"https:\/\/sertsc.org.br\/site\/wp-json\/wp\/v2\/types\/post"}],"author":[{"embeddable":true,"href":"https:\/\/sertsc.org.br\/site\/wp-json\/wp\/v2\/users\/1"}],"replies":[{"embeddable":true,"href":"https:\/\/sertsc.org.br\/site\/wp-json\/wp\/v2\/comments?post=16309"}],"version-history":[{"count":0,"href":"https:\/\/sertsc.org.br\/site\/wp-json\/wp\/v2\/posts\/16309\/revisions"}],"wp:featuredmedia":[{"embeddable":true,"href":"https:\/\/sertsc.org.br\/site\/wp-json\/"}],"wp:attachment":[{"href":"https:\/\/sertsc.org.br\/site\/wp-json\/wp\/v2\/media?parent=16309"}],"wp:term":[{"taxonomy":"category","embeddable":true,"href":"https:\/\/sertsc.org.br\/site\/wp-json\/wp\/v2\/categories?post=16309"},{"taxonomy":"post_tag","embeddable":true,"href":"https:\/\/sertsc.org.br\/site\/wp-json\/wp\/v2\/tags?post=16309"}],"curies":[{"name":"wp","href":"https:\/\/api.w.org\/{rel}","templated":true}]}}