{"id":16305,"date":"2021-09-01T09:08:19","date_gmt":"2021-09-01T12:08:19","guid":{"rendered":"https:\/\/www.sertsc.org.br\/site\/?p=16305"},"modified":"2021-09-01T09:08:19","modified_gmt":"2021-09-01T12:08:19","slug":"quais-equipamentos-sao-indispensaveis-para-melhorar-a-qualidade-do-som-de-uma-radio-pequena","status":"publish","type":"post","link":"https:\/\/sertsc.org.br\/site\/quais-equipamentos-sao-indispensaveis-para-melhorar-a-qualidade-do-som-de-uma-radio-pequena\/","title":{"rendered":"Quais equipamentos s\u00e3o indispens\u00e1veis para melhorar a qualidade do som de uma r\u00e1dio pequena?"},"content":{"rendered":"<p style=\"text-align: justify;\">A internet \u00e9 respons\u00e1vel pela democratiza\u00e7\u00e3o da informa\u00e7\u00e3o e permite \u00e0s pessoas criarem conte\u00fado por conta pr\u00f3pria de diversas formas. Antes restrito a quem podia pagar por equipamentos caros e ter sua pr\u00f3pria frequ\u00eancia, o r\u00e1dio passou a ser uma possibilidade muito mais explorada.<\/p>\n<p style=\"text-align: justify;\">Por mais que exista<a href=\"https:\/\/tab.uol.com.br\/edicao\/radio\/\" target=\"_blank\" rel=\"noreferrer noopener\">\u00a0<u>uma clara transforma\u00e7\u00e3o<\/u><\/a>\u00a0de um passado e presente com o r\u00e1dio sintonizado em AM e FM para um futuro completamente digital, a comunica\u00e7\u00e3o via \u00e1udio nunca foi t\u00e3o democr\u00e1tica. Existe um grande n\u00famero de aplicativos que permitem \u00e0s pessoas criar e distribuir seus pr\u00f3prios programas e at\u00e9 manter uma programa\u00e7\u00e3o di\u00e1ria.<\/p>\n<p style=\"text-align: justify;\">Se voc\u00ea deseja criar uma r\u00e1dio de pequeno porte, n\u00e3o importa se para navegar nas ondas AM e FM ou se para ser distribu\u00edda pela internet, precisa investir em qualidade. N\u00e3o apenas a inova\u00e7\u00e3o e o conte\u00fado s\u00e3o importantes, como tamb\u00e9m o \u00e1udio.<\/p>\n<p style=\"text-align: justify;\">J\u00e1 tem os equipamentos b\u00e1sicos para<a href=\"https:\/\/teletronix.com.br\/blog\/saiba-o-que-e-preciso-para-comecar-uma-radio-online\/\">\u00a0<\/a><a href=\"https:\/\/teletronix.com.br\/blog\/saiba-o-que-e-preciso-para-comecar-uma-radio-online\/\"><u>come\u00e7ar a sua r\u00e1dio de pequeno porte<\/u><\/a>? Ent\u00e3o confira agora o que pode te ajudar a fazer com que ela tenha um \u00e1udio de alto n\u00edvel:<\/p>\n<p style=\"text-align: justify;\"><strong>Microfone din\u00e2mico<\/strong><\/p>\n<p style=\"text-align: justify;\">Um passo fundamental para ter uma r\u00e1dio com \u00e1udio de alto n\u00edvel \u00e9 investir em microfones ideais. Para a finalidade de grava\u00e7\u00f5es ou transmiss\u00f5es em est\u00fadio, os do tipo din\u00e2mico costumam ser os mais recomendados.<\/p>\n<p style=\"text-align: justify;\">Microfones din\u00e2micos n\u00e3o s\u00e3o t\u00e3o sens\u00edveis como outros tipos e por isso diminuem a microfonia e t\u00eam mais resist\u00eancia a ambientes barulhentos. S\u00e3o ideais principalmente se voc\u00ea ainda n\u00e3o possui um est\u00fadio com isolamento ac\u00fastico.<\/p>\n<p style=\"text-align: justify;\"><strong>Fone de ouvido<\/strong><\/p>\n<p style=\"text-align: justify;\">Voc\u00ea j\u00e1 percebeu que sempre que radialistas trabalhando s\u00e3o filmados, eles est\u00e3o com fone de ouvido? Tal equipamento \u00e9 necess\u00e1rio para que haja um completo isolamento sonoro do profissional, impedindo que o som ambiente ou que demais pessoas atrapalhem a sua concentra\u00e7\u00e3o ou audi\u00e7\u00e3o.<\/p>\n<p style=\"text-align: justify;\">Quanto maior a qualidade que voc\u00ea desejar no \u00e1udio de sua r\u00e1dio, mais deve investir em um fone completo, capaz de isolar \u00e1udios externos e de te dar total imers\u00e3o no que est\u00e1 sendo distribu\u00eddo pela emissora.<\/p>\n<p style=\"text-align: justify;\"><strong>Mesa de som<\/strong><\/p>\n<p style=\"text-align: justify;\">A mesa de som \u00e9 o equipamento respons\u00e1vel por mixar variados canais. Portanto, se voc\u00ea grava com mais de uma pessoa ou tem variadas fontes de entrada de \u00e1udio, contar com uma pode dar um aspecto muito mais profissional \u00e0 sua r\u00e1dio.<\/p>\n<p style=\"text-align: justify;\">Para uma r\u00e1dio de pequeno porte, provavelmente<a href=\"https:\/\/www.techreviews.com.br\/mesa-de-som-4-canais\/\" target=\"_blank\" rel=\"noreferrer noopener\">\u00a0<u>uma mesa de som de 4 canais j\u00e1 \u00e9 suficiente<\/u><\/a>, uma vez que com ela \u00e9 poss\u00edvel mixar \u00e1udio de dois ou tr\u00eas microfones e juntar com mais uma fonte como, por exemplo, um computador que toque algumas m\u00fasicas.<\/p>\n<p style=\"text-align: justify;\"><strong>Cabos<\/strong><\/p>\n<p style=\"text-align: justify;\">Ter cabos de boa proced\u00eancia, dur\u00e1veis e resistentes \u00e9 crucial para ter uma transmiss\u00e3o de som adequada entre um aparelho e outro.<\/p>\n<p style=\"text-align: justify;\">Os cabos de \u00e1udio mais comuns s\u00e3o o P10, o XLR e o RCA. \u00c9 preciso entender quais s\u00e3o os usados pelos seus microfones e pela sua mesa de som para compr\u00e1-los, mas mais ainda \u00e9 necess\u00e1rio optar por modelos de alta qualidade. Chiados e interfer\u00eancias podem ser problemas comuns caso voc\u00ea n\u00e3o siga essa dica!<\/p>\n<p style=\"text-align: justify;\">Fonte: Teletronix<\/p>\n","protected":false},"excerpt":{"rendered":"<p>A internet \u00e9 respons\u00e1vel pela democratiza\u00e7\u00e3o da informa\u00e7\u00e3o e permite&hellip;<\/p>\n<p> <a class=\"more-link\" href=\"https:\/\/sertsc.org.br\/site\/quais-equipamentos-sao-indispensaveis-para-melhorar-a-qualidade-do-som-de-uma-radio-pequena\/\">Leia mais<\/a><\/p>\n","protected":false},"author":1,"featured_media":16306,"comment_status":"open","ping_status":"open","sticky":false,"template":"","format":"standard","meta":{"footnotes":""},"categories":[33,3],"tags":[],"class_list":{"0":"post-16305","1":"post","2":"type-post","3":"status-publish","4":"format-standard","5":"has-post-thumbnail","7":"category-destaques","8":"category-noticias"},"_links":{"self":[{"href":"https:\/\/sertsc.org.br\/site\/wp-json\/wp\/v2\/posts\/16305","targetHints":{"allow":["GET"]}}],"collection":[{"href":"https:\/\/sertsc.org.br\/site\/wp-json\/wp\/v2\/posts"}],"about":[{"href":"https:\/\/sertsc.org.br\/site\/wp-json\/wp\/v2\/types\/post"}],"author":[{"embeddable":true,"href":"https:\/\/sertsc.org.br\/site\/wp-json\/wp\/v2\/users\/1"}],"replies":[{"embeddable":true,"href":"https:\/\/sertsc.org.br\/site\/wp-json\/wp\/v2\/comments?post=16305"}],"version-history":[{"count":0,"href":"https:\/\/sertsc.org.br\/site\/wp-json\/wp\/v2\/posts\/16305\/revisions"}],"wp:featuredmedia":[{"embeddable":true,"href":"https:\/\/sertsc.org.br\/site\/wp-json\/"}],"wp:attachment":[{"href":"https:\/\/sertsc.org.br\/site\/wp-json\/wp\/v2\/media?parent=16305"}],"wp:term":[{"taxonomy":"category","embeddable":true,"href":"https:\/\/sertsc.org.br\/site\/wp-json\/wp\/v2\/categories?post=16305"},{"taxonomy":"post_tag","embeddable":true,"href":"https:\/\/sertsc.org.br\/site\/wp-json\/wp\/v2\/tags?post=16305"}],"curies":[{"name":"wp","href":"https:\/\/api.w.org\/{rel}","templated":true}]}}