{"id":16291,"date":"2021-08-31T09:07:19","date_gmt":"2021-08-31T12:07:19","guid":{"rendered":"https:\/\/www.sertsc.org.br\/site\/?p=16291"},"modified":"2021-08-31T09:07:19","modified_gmt":"2021-08-31T12:07:19","slug":"florianopolis-tem-melhor-relacao-de-habitantes-por-antena-entre-as-capitais-veja-ranking","status":"publish","type":"post","link":"https:\/\/sertsc.org.br\/site\/florianopolis-tem-melhor-relacao-de-habitantes-por-antena-entre-as-capitais-veja-ranking\/","title":{"rendered":"Florian\u00f3polis tem melhor rela\u00e7\u00e3o de habitantes por antena entre as capitais; veja ranking"},"content":{"rendered":"<p style=\"text-align: justify;\">A cidade de\u00a0<strong>Florian\u00f3polis\u00a0<\/strong>tem a melhor rela\u00e7\u00e3o de habitantes por antena entre as capitais brasileiras, com uma infraestrutura para cada 1.039 usu\u00e1rios. Vit\u00f3ria e Bras\u00edlia completam o p\u00f3dio, enquanto Fortaleza, Salvador e Rio Branco figuram nas \u00faltimas coloca\u00e7\u00f5es.<\/p>\n<p style=\"text-align: justify;\">O levantamento foi apresentado pela\u00a0<strong>Abrintel\u00a0<\/strong>durante live do\u00a0<strong><a href=\"https:\/\/teletime.com.br\/04\/05\/2021\/movimento-antene-se-e-lancado-com-apoio-da-anatel-e-do-mcom\/\" target=\"_blank\" rel=\"noreferrer noopener follow\" data-wpel-link=\"internal\">movimento Antene-Se<\/a><\/strong>\u00a0realizada nesta segunda-feira, 30. Os dados consideram informa\u00e7\u00f5es populacionais do Censo de 2010.<\/p>\n<p style=\"text-align: justify;\">&#8220;N\u00e3o tem nenhuma capital com m\u00e9dia de habitantes por antena abaixo de mil&#8221;, apontou o presidente da Abrintel, Luciano Stutz \u2013 n\u00e3o sem complementar que ainda assim, existem\u00a0<strong><a href=\"https:\/\/teletime.com.br\/25\/08\/2021\/movimento-antene-se-aponta-relacao-entre-exclusao-digital-e-leis-restritivas-a-antenas\/\" target=\"_blank\" rel=\"noreferrer noopener follow\" data-wpel-link=\"internal\">desigualdades\u00a0<\/a><\/strong>entre os n\u00fameros.<\/p>\n<p style=\"text-align: justify;\">&#8220;A melhor colocada \u00e9 Florian\u00f3polis, com 1.039 habitantes por antena. O Rio de Janeiro recebeu tratamento por conta das Olimp\u00edadas de 2016, com 1.489. Mas tamb\u00e9m temos Boa Vista com 2.256, Fortaleza com 2.628 e outras cidades que precisam de\u00a0<strong>trabalho de moderniza\u00e7\u00e3o<\/strong>\u00a0para mudar esse panorama&#8221;.<\/p>\n<p style=\"text-align: justify;\">Ainda segundo Stutz, pa\u00edses com &#8220;boa conectividade&#8221; tem a m\u00e9dia de usu\u00e1rios por infraestrutura de at\u00e9 mil. No &#8220;\u00e1pice&#8221; do 4G em 2018, os EUA contavam com\u00a0<strong>940 habitantes<\/strong>\u00a0por antena, notou o presidente da associa\u00e7\u00e3o das operadoras de torres.<\/p>\n<p style=\"text-align: justify;\">Veja a\u00a0<strong>lista completa<\/strong>\u00a0de habitantes por antena entre as capitais:<\/p>\n<ul style=\"text-align: justify;\">\n<li><strong>Florian\u00f3polis\u00a0<\/strong>\u2013 1.039<\/li>\n<li><strong>Vit\u00f3ria\u00a0<\/strong>\u2013 1.372<\/li>\n<li><strong>Bras\u00edlia\u00a0<\/strong>\u2013 1.429<\/li>\n<li><strong>Rio de Janeiro<\/strong>\u00a0\u2013 1.489<\/li>\n<li><strong>Curitiba\u00a0<\/strong>\u2013 1.535<\/li>\n<li><strong>Cuiab\u00e1\u00a0<\/strong>\u2013 1.584<\/li>\n<li><strong>Porto Alegre<\/strong>\u00a0\u2013 1.648<\/li>\n<li><strong>Campo Grande<\/strong>\u00a0\u2013 1.688<\/li>\n<li><strong>Palmas\u00a0<\/strong>\u2013 1.704<\/li>\n<li><strong>Goi\u00e2nia\u00a0<\/strong>\u2013 1.814<\/li>\n<li><strong>Jo\u00e3o Pessoa<\/strong>\u00a0\u2013 1.855<\/li>\n<li><strong>Natal\u00a0<\/strong>\u2013 1.950<\/li>\n<li><strong>Belo Horizonte<\/strong>\u00a0\u2013 1.955<\/li>\n<li><strong>Recife\u00a0<\/strong>\u2013 2.048<\/li>\n<li><strong>Macei\u00f3\u00a0<\/strong>\u2013 2.073<\/li>\n<li><strong>Aracaju\u00a0<\/strong>\u2013 2.123<\/li>\n<li><strong>Porto Velho<\/strong>\u00a0\u2013 2.132<\/li>\n<li><strong>S\u00e3o Paulo<\/strong>\u00a0\u2013 2.187<\/li>\n<li><strong>Teresina\u00a0<\/strong>\u2013 2.237<\/li>\n<li><strong>Boa Vista<\/strong>\u00a0\u2013 2.256<\/li>\n<li><strong>Manaus\u00a0<\/strong>\u2013 2.285<\/li>\n<li><strong>Bel\u00e9m\u00a0<\/strong>\u2013 2.338<\/li>\n<li><strong>S\u00e3o Lu\u00eds<\/strong>\u00a0\u2013 2.405<\/li>\n<li><strong>Macap\u00e1\u00a0<\/strong>\u2013 2.428<\/li>\n<li><strong>Rio Branco<\/strong>\u00a0\u2013 2.508<\/li>\n<li><strong>Salvador\u00a0<\/strong>\u2013 2.582<\/li>\n<li><strong>Fortaleza\u00a0<\/strong>\u2013 2.628<\/li>\n<\/ul>\n<p style=\"text-align: justify;\">\n<p style=\"text-align: justify;\">\n<p style=\"text-align: justify;\">Fonte: Teletime<\/p>\n","protected":false},"excerpt":{"rendered":"<p>A cidade de\u00a0Florian\u00f3polis\u00a0tem a melhor rela\u00e7\u00e3o de habitantes por antena&hellip;<\/p>\n<p> <a class=\"more-link\" href=\"https:\/\/sertsc.org.br\/site\/florianopolis-tem-melhor-relacao-de-habitantes-por-antena-entre-as-capitais-veja-ranking\/\">Leia mais<\/a><\/p>\n","protected":false},"author":1,"featured_media":16292,"comment_status":"open","ping_status":"open","sticky":false,"template":"","format":"standard","meta":{"footnotes":""},"categories":[33,3],"tags":[],"class_list":{"0":"post-16291","1":"post","2":"type-post","3":"status-publish","4":"format-standard","5":"has-post-thumbnail","7":"category-destaques","8":"category-noticias"},"_links":{"self":[{"href":"https:\/\/sertsc.org.br\/site\/wp-json\/wp\/v2\/posts\/16291","targetHints":{"allow":["GET"]}}],"collection":[{"href":"https:\/\/sertsc.org.br\/site\/wp-json\/wp\/v2\/posts"}],"about":[{"href":"https:\/\/sertsc.org.br\/site\/wp-json\/wp\/v2\/types\/post"}],"author":[{"embeddable":true,"href":"https:\/\/sertsc.org.br\/site\/wp-json\/wp\/v2\/users\/1"}],"replies":[{"embeddable":true,"href":"https:\/\/sertsc.org.br\/site\/wp-json\/wp\/v2\/comments?post=16291"}],"version-history":[{"count":0,"href":"https:\/\/sertsc.org.br\/site\/wp-json\/wp\/v2\/posts\/16291\/revisions"}],"wp:featuredmedia":[{"embeddable":true,"href":"https:\/\/sertsc.org.br\/site\/wp-json\/"}],"wp:attachment":[{"href":"https:\/\/sertsc.org.br\/site\/wp-json\/wp\/v2\/media?parent=16291"}],"wp:term":[{"taxonomy":"category","embeddable":true,"href":"https:\/\/sertsc.org.br\/site\/wp-json\/wp\/v2\/categories?post=16291"},{"taxonomy":"post_tag","embeddable":true,"href":"https:\/\/sertsc.org.br\/site\/wp-json\/wp\/v2\/tags?post=16291"}],"curies":[{"name":"wp","href":"https:\/\/api.w.org\/{rel}","templated":true}]}}