{"id":16218,"date":"2021-08-23T08:55:06","date_gmt":"2021-08-23T11:55:06","guid":{"rendered":"https:\/\/www.sertsc.org.br\/site\/?p=16218"},"modified":"2021-08-23T08:55:06","modified_gmt":"2021-08-23T11:55:06","slug":"estella-dantas-assume-secretaria-executiva-do-mcom","status":"publish","type":"post","link":"https:\/\/sertsc.org.br\/site\/estella-dantas-assume-secretaria-executiva-do-mcom\/","title":{"rendered":"Estella Dantas assume secretaria-executiva do MCom"},"content":{"rendered":"<p style=\"text-align: justify;\">Maria Estella Dantas Antonichelli \u00e9 a nova secret\u00e1ria-executiva do Minist\u00e9rio das Comunica\u00e7\u00f5es (MCom) no lugar de Vitor Menezes. \u00a0<a href=\"https:\/\/in.gov.br\/en\/web\/dou\/-\/decretos-de-16-de-agosto-de-2021-338675790\" target=\"_blank\" rel=\"noopener noreferrer\">A nomea\u00e7\u00e3o foi publicada no Di\u00e1rio Oficial da Uni\u00e3o (DOU)<\/a>\u00a0desta ter\u00e7a-feira (17).<\/p>\n<p style=\"text-align: justify;\">Estella tem acompanhado o ministro Fabio Faria h\u00e1 muitos anos, desde a C\u00e2mara dos Deputados. Em junho de 2020, passou a chefiar o gabinete da pasta e \u00e9 interlocutora frequente do setor junto ao MCom.<\/p>\n<p style=\"text-align: justify;\">Jornalista formada pela UFRN, tem experi\u00eancia em televis\u00e3o, portal de not\u00edcias e assessoria de comunica\u00e7\u00e3o. Dantas foi assessora parlamentar e chefe de gabinete na C\u00e2mara dos Deputados de 2009 a 2020. Tamb\u00e9m atuou como assessora especial nos Correios e na CBTU e foi secret\u00e1ria de Estado de Rela\u00e7\u00f5es Institui\u00e7\u00f5es do Governo do RN (2017-2018).<\/p>\n<p style=\"text-align: justify;\"><em>Assessoria de Comunica\u00e7\u00e3o da Abratel<\/em><\/p>\n<p style=\"text-align: justify;\">\n<p style=\"text-align: justify;\">Fonte: ABRATEL<\/p>\n","protected":false},"excerpt":{"rendered":"<p>Maria Estella Dantas Antonichelli \u00e9 a nova secret\u00e1ria-executiva do Minist\u00e9rio&hellip;<\/p>\n<p> <a class=\"more-link\" href=\"https:\/\/sertsc.org.br\/site\/estella-dantas-assume-secretaria-executiva-do-mcom\/\">Leia mais<\/a><\/p>\n","protected":false},"author":1,"featured_media":16219,"comment_status":"open","ping_status":"open","sticky":false,"template":"","format":"standard","meta":{"footnotes":""},"categories":[3],"tags":[],"class_list":{"0":"post-16218","1":"post","2":"type-post","3":"status-publish","4":"format-standard","5":"has-post-thumbnail","7":"category-noticias"},"_links":{"self":[{"href":"https:\/\/sertsc.org.br\/site\/wp-json\/wp\/v2\/posts\/16218","targetHints":{"allow":["GET"]}}],"collection":[{"href":"https:\/\/sertsc.org.br\/site\/wp-json\/wp\/v2\/posts"}],"about":[{"href":"https:\/\/sertsc.org.br\/site\/wp-json\/wp\/v2\/types\/post"}],"author":[{"embeddable":true,"href":"https:\/\/sertsc.org.br\/site\/wp-json\/wp\/v2\/users\/1"}],"replies":[{"embeddable":true,"href":"https:\/\/sertsc.org.br\/site\/wp-json\/wp\/v2\/comments?post=16218"}],"version-history":[{"count":0,"href":"https:\/\/sertsc.org.br\/site\/wp-json\/wp\/v2\/posts\/16218\/revisions"}],"wp:featuredmedia":[{"embeddable":true,"href":"https:\/\/sertsc.org.br\/site\/wp-json\/"}],"wp:attachment":[{"href":"https:\/\/sertsc.org.br\/site\/wp-json\/wp\/v2\/media?parent=16218"}],"wp:term":[{"taxonomy":"category","embeddable":true,"href":"https:\/\/sertsc.org.br\/site\/wp-json\/wp\/v2\/categories?post=16218"},{"taxonomy":"post_tag","embeddable":true,"href":"https:\/\/sertsc.org.br\/site\/wp-json\/wp\/v2\/tags?post=16218"}],"curies":[{"name":"wp","href":"https:\/\/api.w.org\/{rel}","templated":true}]}}