{"id":16215,"date":"2021-08-23T08:53:47","date_gmt":"2021-08-23T11:53:47","guid":{"rendered":"https:\/\/www.sertsc.org.br\/site\/?p=16215"},"modified":"2021-08-23T08:53:47","modified_gmt":"2021-08-23T11:53:47","slug":"anatel-recebera-contribuicoes-sobre-regulamentacao-a-lei-do-fust","status":"publish","type":"post","link":"https:\/\/sertsc.org.br\/site\/anatel-recebera-contribuicoes-sobre-regulamentacao-a-lei-do-fust\/","title":{"rendered":"Anatel receber\u00e1 contribui\u00e7\u00f5es sobre regulamenta\u00e7\u00e3o \u00e0 Lei do Fust"},"content":{"rendered":"<div class=\"\">\n<div id=\"content\">\n<article>\n<div id=\"content-core\">\n<div id=\"parent-fieldname-text\" class=\"\">\n<div>\n<p style=\"text-align: justify;\">O Conselho Diretor da Ag\u00eancia Nacional de Telecomunica\u00e7\u00f5es (Anatel) aprovou, por unanimidade, em reuni\u00e3o realizada nesta quinta-feira (19\/8), a realiza\u00e7\u00e3o de consulta p\u00fablica para adequar o Regimento Interno da Ag\u00eancia e o Regulamento de Arrecada\u00e7\u00e3o de Receitas Tribut\u00e1rias da Ag\u00eancia \u00e0 <a href=\"http:\/\/www.planalto.gov.br\/ccivil_03\/leis\/l9998.htm\">Lei do Fundo de Universaliza\u00e7\u00e3o dos Servi\u00e7os de Telecomunica\u00e7\u00f5es (Fust)<\/a>, alterada pela\u00a0<a href=\"http:\/\/www.planalto.gov.br\/ccivil_03\/_Ato2019-2022\/2020\/Lei\/L14109.htm#art3\">Lei n\u00ba 14.109\/2020<\/a>. A consulta receber\u00e1 contribui\u00e7\u00f5es da sociedade por 45 dias.<\/p>\n<p style=\"text-align: justify;\">Segundo o conselheiro Mois\u00e9s Moreira, relator da mat\u00e9ria, o atual Regulamento de Fiscaliza\u00e7\u00e3o Regulat\u00f3ria da Ag\u00eancia atende os requisitos da atual Lei do Fust e, por isso, a consulta prop\u00f5e a revoga\u00e7\u00e3o do Regulamento de Operacionaliza\u00e7\u00e3o da Aplica\u00e7\u00e3o de Recursos do Fust em vigor. Moreira considera que as mudan\u00e7as propostas \u201cs\u00e3o pontuais e versam sobre a adequa\u00e7\u00e3o da regulamenta\u00e7\u00e3o \u00e0 Lei do Fust\u201d.<\/p>\n<p style=\"text-align: justify;\">A Lei estabelece que o Conselho Gestor do Fust ser\u00e1 composto por: um representante do Minist\u00e9rio das Comunica\u00e7\u00f5es, a quem caber\u00e1 presidi-lo; um representante de cada minist\u00e9rio: da Ci\u00eancia, Tecnologia e Inova\u00e7\u00f5es; da Economia; da Agricultura, Pecu\u00e1ria e Abastecimento; da Educa\u00e7\u00e3o; e da Sa\u00fade. O Conselho tamb\u00e9m ter\u00e1 um representante da Anatel; dois representantes das prestadoras de servi\u00e7os de telecomunica\u00e7\u00f5es, dos quais um das prestadoras de pequeno porte e tr\u00eas representantes da sociedade civil.<\/p>\n<p style=\"text-align: justify;\">A Lei n\u00ba 14.109\/2020 tamb\u00e9m estabelece que o Conselho Gestor do Fust tem, entre suas atribui\u00e7\u00f5es, a de definir os programas, projetos e atividades a serem financiadas com os recursos do Fundo \u2013 com as altera\u00e7\u00f5es dessa Lei, fica liberado o uso de recursos do Fundo \u00e0 expans\u00e3o da banda larga, antes restrito \u00e0 telefonia fixa.<\/p>\n<\/div>\n<\/div>\n<\/div>\n<div class=\"visualClear\" style=\"text-align: justify;\">Fonte: Anatel<\/div>\n<div class=\"documentActions\" style=\"text-align: justify;\"><\/div>\n<\/article>\n<\/div>\n<\/div>\n<div id=\"viewlet-below-content\"><\/div>\n","protected":false},"excerpt":{"rendered":"<p>O Conselho Diretor da Ag\u00eancia Nacional de Telecomunica\u00e7\u00f5es (Anatel) aprovou,&hellip;<\/p>\n<p> <a class=\"more-link\" href=\"https:\/\/sertsc.org.br\/site\/anatel-recebera-contribuicoes-sobre-regulamentacao-a-lei-do-fust\/\">Leia mais<\/a><\/p>\n","protected":false},"author":1,"featured_media":16216,"comment_status":"open","ping_status":"open","sticky":false,"template":"","format":"standard","meta":{"footnotes":""},"categories":[33,3],"tags":[],"class_list":{"0":"post-16215","1":"post","2":"type-post","3":"status-publish","4":"format-standard","5":"has-post-thumbnail","7":"category-destaques","8":"category-noticias"},"_links":{"self":[{"href":"https:\/\/sertsc.org.br\/site\/wp-json\/wp\/v2\/posts\/16215","targetHints":{"allow":["GET"]}}],"collection":[{"href":"https:\/\/sertsc.org.br\/site\/wp-json\/wp\/v2\/posts"}],"about":[{"href":"https:\/\/sertsc.org.br\/site\/wp-json\/wp\/v2\/types\/post"}],"author":[{"embeddable":true,"href":"https:\/\/sertsc.org.br\/site\/wp-json\/wp\/v2\/users\/1"}],"replies":[{"embeddable":true,"href":"https:\/\/sertsc.org.br\/site\/wp-json\/wp\/v2\/comments?post=16215"}],"version-history":[{"count":0,"href":"https:\/\/sertsc.org.br\/site\/wp-json\/wp\/v2\/posts\/16215\/revisions"}],"wp:featuredmedia":[{"embeddable":true,"href":"https:\/\/sertsc.org.br\/site\/wp-json\/"}],"wp:attachment":[{"href":"https:\/\/sertsc.org.br\/site\/wp-json\/wp\/v2\/media?parent=16215"}],"wp:term":[{"taxonomy":"category","embeddable":true,"href":"https:\/\/sertsc.org.br\/site\/wp-json\/wp\/v2\/categories?post=16215"},{"taxonomy":"post_tag","embeddable":true,"href":"https:\/\/sertsc.org.br\/site\/wp-json\/wp\/v2\/tags?post=16215"}],"curies":[{"name":"wp","href":"https:\/\/api.w.org\/{rel}","templated":true}]}}