{"id":16211,"date":"2021-08-23T08:48:40","date_gmt":"2021-08-23T11:48:40","guid":{"rendered":"https:\/\/www.sertsc.org.br\/site\/?p=16211"},"modified":"2021-08-23T08:48:40","modified_gmt":"2021-08-23T11:48:40","slug":"16211-2","status":"publish","type":"post","link":"https:\/\/sertsc.org.br\/site\/16211-2\/","title":{"rendered":"Vis\u00e3o de produto \u00e9 diferencial estrat\u00e9gico para empresas de comunica\u00e7\u00e3o"},"content":{"rendered":"<p style=\"text-align: justify;\">As empresas de comunica\u00e7\u00e3o que est\u00e3o conseguindo navegar com mais tranquilidade nas \u00e1guas turbulentas da disrup\u00e7\u00e3o que atinge o setor t\u00eam uma coisa em comum: a vis\u00e3o de produto. Dedicadas a compreender suas audi\u00eancias, entender suas dores e propor solu\u00e7\u00f5es por meio de entregas constantes e permanente aperfei\u00e7oamento, empresas como o The New York Times e o Washington Post j\u00e1 aplicam tais princ\u00edpios e tornaram-se refer\u00eancia, aumentando a base de usu\u00e1rios e de receita.<\/p>\n<p style=\"text-align: justify;\">Paty Gomes, professora do curso de\u00a0<a href=\"https:\/\/www.insper.edu.br\/educacao-executiva\/cursos-de-curta-duracao\/politicas-publicas\/user-research-para-conteudo-digital\/?utm_source=comunique-se&amp;utm_medium=publieditorial&amp;utm_campaign=CA_PG_DESC_Comunique-se_PG_N_Educacao-Executiva_Manchete\" target=\"_blank\" rel=\"noreferrer noopener\">User Research para Conte\u00fado Digital<\/a>\u00a0no Insper e diretora de produtos no JOTA explica como esta vis\u00e3o pode ser decisiva: \u201cNa ind\u00fastria da comunica\u00e7\u00e3o, que vive uma crise de modelo de neg\u00f3cios, a ado\u00e7\u00e3o da cultura de produto nas organiza\u00e7\u00f5es \u00e9 um caminho promissor, uma vez que ela prop\u00f5e entregas significativas de forma constante, o que facilita a percep\u00e7\u00e3o de valor do usu\u00e1rio e, com isso, a disposi\u00e7\u00e3o em pagar pelo servi\u00e7o\u201d.<\/p>\n<p style=\"text-align: justify;\">Investir nesse caminho pode ser desafiador para os comunicadores. Paty comenta que as habilidades necess\u00e1rias para a \u00e1rea do produto podem ser conflitantes com a cultura que se construiu no mundo da comunica\u00e7\u00e3o. A professora refor\u00e7a que \u00e9 importante questionar h\u00e1bitos, ter uma vis\u00e3o hol\u00edstica sobre a produ\u00e7\u00e3o, aderir a processos consistentes, al\u00e9m de buscar inspira\u00e7\u00e3o fora do jornalismo.<\/p>\n<blockquote><p><em>&#8220;A cultura do jornalismo valoriza a competi\u00e7\u00e3o pelo furo e a exclusividade&#8221;<\/em><\/p><\/blockquote>\n<blockquote class=\"wp-block-quote\"><p><cite>Professora Paty Gomes<\/cite><\/p><\/blockquote>\n<p style=\"text-align: justify;\">\u201cTem de estar disposto a adotar uma abordagem radical de colabora\u00e7\u00e3o e transpar\u00eancia com a equipe, o que pode ser um desafio, uma vez que a cultura do jornalismo valoriza a competi\u00e7\u00e3o pelo furo e a exclusividade\u201d, resume Paty Gomes. Toda essa transforma\u00e7\u00e3o ser\u00e1 abordada no curso oferecido pelo Insper.<\/p>\n<p style=\"text-align: justify;\">O fio condutor das aulas ser\u00e1 um\u00a0<em>business case<\/em>\u00a0da ind\u00fastria de comunica\u00e7\u00e3o. A partir de um problema escolhido pela turma, ser\u00e3o apresentados\u00a0<em>frameworks<\/em>\u00a0para elabora\u00e7\u00e3o de hip\u00f3teses e valida\u00e7\u00e3o do problema. Em seguida, os alunos v\u00e3o definir uma persona (a representa\u00e7\u00e3o de um cliente fict\u00edcio) para o desenvolvimento do produto, que ser\u00e1 avaliado por meio de pesquisas e levantamentos de satisfa\u00e7\u00e3o do cliente.<\/p>\n<p style=\"text-align: justify;\"><strong>Refor\u00e7ando a comunica\u00e7\u00e3o<\/strong><\/p>\n<p style=\"text-align: justify;\">Para refor\u00e7ar o aprendizado e preparar a turma para aplicar metodologias usadas em times de produto, a semana final de aulas ser\u00e1 dedicada a uma\u00a0<em>design sprint<\/em>. Criada no Google, essa metodologia aposta na resolu\u00e7\u00e3o r\u00e1pida de problemas com foco em prototipagem e testes com usu\u00e1rios. Segundo Paty Gomes, os pr\u00f3ximos passos do setor envolvem \u201cuma tend\u00eancia forte para a cria\u00e7\u00e3o de plataformas para entregas de conte\u00fado segmentado e personalizado em modelos SaaS (<em>software as a service<\/em>)\u201d. Comunicadores preparados para aplicar a mentalidade de produto ser\u00e3o pe\u00e7as-chave em empresas de conte\u00fado digital que v\u00e3o se destacar em meio \u00e0 disrup\u00e7\u00e3o do setor.<\/p>\n<div id=\"wpdevar_comment_1\" style=\"text-align: justify;\">Fonte: Portal Comunique-se<\/div>\n","protected":false},"excerpt":{"rendered":"<p>As empresas de comunica\u00e7\u00e3o que est\u00e3o conseguindo navegar com mais&hellip;<\/p>\n<p> <a class=\"more-link\" href=\"https:\/\/sertsc.org.br\/site\/16211-2\/\">Leia mais<\/a><\/p>\n","protected":false},"author":1,"featured_media":16212,"comment_status":"open","ping_status":"open","sticky":false,"template":"","format":"standard","meta":{"footnotes":""},"categories":[33,3],"tags":[],"class_list":{"0":"post-16211","1":"post","2":"type-post","3":"status-publish","4":"format-standard","5":"has-post-thumbnail","7":"category-destaques","8":"category-noticias"},"_links":{"self":[{"href":"https:\/\/sertsc.org.br\/site\/wp-json\/wp\/v2\/posts\/16211","targetHints":{"allow":["GET"]}}],"collection":[{"href":"https:\/\/sertsc.org.br\/site\/wp-json\/wp\/v2\/posts"}],"about":[{"href":"https:\/\/sertsc.org.br\/site\/wp-json\/wp\/v2\/types\/post"}],"author":[{"embeddable":true,"href":"https:\/\/sertsc.org.br\/site\/wp-json\/wp\/v2\/users\/1"}],"replies":[{"embeddable":true,"href":"https:\/\/sertsc.org.br\/site\/wp-json\/wp\/v2\/comments?post=16211"}],"version-history":[{"count":0,"href":"https:\/\/sertsc.org.br\/site\/wp-json\/wp\/v2\/posts\/16211\/revisions"}],"wp:featuredmedia":[{"embeddable":true,"href":"https:\/\/sertsc.org.br\/site\/wp-json\/"}],"wp:attachment":[{"href":"https:\/\/sertsc.org.br\/site\/wp-json\/wp\/v2\/media?parent=16211"}],"wp:term":[{"taxonomy":"category","embeddable":true,"href":"https:\/\/sertsc.org.br\/site\/wp-json\/wp\/v2\/categories?post=16211"},{"taxonomy":"post_tag","embeddable":true,"href":"https:\/\/sertsc.org.br\/site\/wp-json\/wp\/v2\/tags?post=16211"}],"curies":[{"name":"wp","href":"https:\/\/api.w.org\/{rel}","templated":true}]}}