{"id":16208,"date":"2021-08-23T08:34:20","date_gmt":"2021-08-23T11:34:20","guid":{"rendered":"https:\/\/www.sertsc.org.br\/site\/?p=16208"},"modified":"2021-08-23T08:34:20","modified_gmt":"2021-08-23T11:34:20","slug":"anatel-divulga-consulta-publica-para-novos-canais-do-fm-2-0-para-varias-cidades-do-sudeste-sul-e-norte","status":"publish","type":"post","link":"https:\/\/sertsc.org.br\/site\/anatel-divulga-consulta-publica-para-novos-canais-do-fm-2-0-para-varias-cidades-do-sudeste-sul-e-norte\/","title":{"rendered":"Anatel divulga Consulta P\u00fablica para novos canais do FM 2.0 para v\u00e1rias cidades do Sudeste, Sul e Norte"},"content":{"rendered":"<p style=\"text-align: justify;\">A Ag\u00eancia Nacional de Telecomunica\u00e7\u00f5es (Anatel) divulgou mais uma Consulta P\u00fablica para an\u00e1lise de canais no dial FM 2.0 para abrigar emissoras que est\u00e3o no processo de migra\u00e7\u00e3o AM-FM em 9 cidades das regi\u00f5es Sudeste, Sul e Norte. Os canais j\u00e1 est\u00e3o em an\u00e1lise para sugest\u00f5es, sendo que alguns contam com destina\u00e7\u00e3o de emissoras. No caso de Itaja\u00ed (SC), os canais est\u00e3o no sistema Mosaico da Anatel e confirma o processo de\u00a0migra\u00e7\u00e3o AM-FM em eFM (faixa estendida).<\/p>\n<p style=\"text-align: justify;\">O estado com mais canais contemplados \u00e9 Santa Catarina. Ao todo, s\u00e3o cinco cidades que contam com 10 canais, sendo que Itaja\u00ed \u00e9 a \u00fanica cidade neste lote que conta com dois canais no eFM. Os demais est\u00e3o inseridos no dial convencional, como \u00e9 o caso de Blumenau, que tem quatro canais.<\/p>\n<p style=\"text-align: justify;\">A Consulta P\u00fablica n\u00ba 42 tamb\u00e9m apresentou mais um canal no eFM para uma capital. \u00c9 o caso do Rio de Janeiro, que teve a frequ\u00eancia 84.9 FM liberada. O canal est\u00e1 inserido na faixa A1 de opera\u00e7\u00e3o. J\u00e1 o interior de S\u00e3o Paulo teve mais tr\u00eas canais no dial convencional liberados para a migra\u00e7\u00e3o AM-FM na cidade de Franca.<\/p>\n<p style=\"text-align: justify;\">A faixa estendida de FM \u00e9 uma solu\u00e7\u00e3o que o setor encontrou para acomodar as migrantes do AM nos centros onde o espectro de 88.1 FM a 107.9 FM est\u00e1 congestionado. O\u00a0<a href=\"https:\/\/tudoradio.com\/mapa\"><strong>Mapa da Atualiza\u00e7\u00e3o do tudoradio.com<\/strong><\/a>\u00a0acompanhar\u00e1 em tempo real as estreias das eFMs no dial.<\/p>\n<p style=\"text-align: justify;\"><strong>Veja a lista de canais disponibilizados pela Anatel<\/strong><\/p>\n<p style=\"text-align: justify;\"><em><strong>RJ<br \/>\nRio de Janeiro\u00a0<\/strong><br \/>\nFM 84.9 &#8211; Classe A1<\/em><\/p>\n<p style=\"text-align: justify;\"><em><strong>SC<br \/>\nItaja\u00ed<\/strong><br \/>\nFM 82.5 &#8211; Classe C<br \/>\nFM 83.5 &#8211; Classe C<\/em><\/p>\n<p style=\"text-align: justify;\"><em><strong>Blumenau<\/strong><br \/>\nFM 88.1 &#8211; Classe A4<br \/>\nFM 89.1 &#8211; Classe A4<br \/>\nFM 98.7 &#8211; Classe A4<br \/>\nFM 100.1 &#8211; Classe A4<\/em><\/p>\n<p style=\"text-align: justify;\" data-fetch=\"true\"><em><strong>Brusque<\/strong><br \/>\nFM 92.3 &#8211; Classe B1<br \/>\nFM 104.5 &#8211; Classe B1<\/em><\/p>\n<p style=\"text-align: justify;\"><em><strong>Gaspar<\/strong><br \/>\nFM 97.9 &#8211; Classe A4 (Sentinela do Vale AM 1460)<\/em><\/p>\n<p style=\"text-align: justify;\"><em><strong>Xanxer\u00ea<\/strong><br \/>\nFM 105.7 &#8211; Classe A2<\/em><\/p>\n<p style=\"text-align: justify;\"><em><strong>SP<br \/>\nFranca<\/strong><br \/>\nFM 88.9 \u2013 Classe B1<br \/>\nFM 101.7 \u2013 Classe B1<br \/>\nFM 106.5 \u2013 Classe B1<\/em><\/p>\n<p style=\"text-align: justify;\"><em><strong>MG<br \/>\nAndradas<\/strong><br \/>\nFM 100.5 &#8211; Classe A4 (R\u00e1dio Vin\u00edcula AM 900)<\/em><\/p>\n<p style=\"text-align: justify;\"><em><strong>PA<br \/>\nItaituba<\/strong><br \/>\nFM 102.7 &#8211; Classe B2\u00a0(Clube AM 960)<\/em><\/p>\n<p style=\"text-align: justify;\">\n<p style=\"text-align: justify;\">Fonte: Tudor\u00e1dio<\/p>\n","protected":false},"excerpt":{"rendered":"<p>A Ag\u00eancia Nacional de Telecomunica\u00e7\u00f5es (Anatel) divulgou mais uma Consulta&hellip;<\/p>\n<p> <a class=\"more-link\" href=\"https:\/\/sertsc.org.br\/site\/anatel-divulga-consulta-publica-para-novos-canais-do-fm-2-0-para-varias-cidades-do-sudeste-sul-e-norte\/\">Leia mais<\/a><\/p>\n","protected":false},"author":1,"featured_media":16209,"comment_status":"open","ping_status":"open","sticky":false,"template":"","format":"standard","meta":{"footnotes":""},"categories":[33,3],"tags":[],"class_list":{"0":"post-16208","1":"post","2":"type-post","3":"status-publish","4":"format-standard","5":"has-post-thumbnail","7":"category-destaques","8":"category-noticias"},"_links":{"self":[{"href":"https:\/\/sertsc.org.br\/site\/wp-json\/wp\/v2\/posts\/16208","targetHints":{"allow":["GET"]}}],"collection":[{"href":"https:\/\/sertsc.org.br\/site\/wp-json\/wp\/v2\/posts"}],"about":[{"href":"https:\/\/sertsc.org.br\/site\/wp-json\/wp\/v2\/types\/post"}],"author":[{"embeddable":true,"href":"https:\/\/sertsc.org.br\/site\/wp-json\/wp\/v2\/users\/1"}],"replies":[{"embeddable":true,"href":"https:\/\/sertsc.org.br\/site\/wp-json\/wp\/v2\/comments?post=16208"}],"version-history":[{"count":0,"href":"https:\/\/sertsc.org.br\/site\/wp-json\/wp\/v2\/posts\/16208\/revisions"}],"wp:featuredmedia":[{"embeddable":true,"href":"https:\/\/sertsc.org.br\/site\/wp-json\/"}],"wp:attachment":[{"href":"https:\/\/sertsc.org.br\/site\/wp-json\/wp\/v2\/media?parent=16208"}],"wp:term":[{"taxonomy":"category","embeddable":true,"href":"https:\/\/sertsc.org.br\/site\/wp-json\/wp\/v2\/categories?post=16208"},{"taxonomy":"post_tag","embeddable":true,"href":"https:\/\/sertsc.org.br\/site\/wp-json\/wp\/v2\/tags?post=16208"}],"curies":[{"name":"wp","href":"https:\/\/api.w.org\/{rel}","templated":true}]}}