{"id":16189,"date":"2021-08-19T08:12:55","date_gmt":"2021-08-19T11:12:55","guid":{"rendered":"https:\/\/www.sertsc.org.br\/site\/?p=16189"},"modified":"2021-08-19T08:12:55","modified_gmt":"2021-08-19T11:12:55","slug":"radio-e-demais-setores-economicos-acompanham-processo-do-edital-do-leilao-do-5g","status":"publish","type":"post","link":"https:\/\/sertsc.org.br\/site\/radio-e-demais-setores-economicos-acompanham-processo-do-edital-do-leilao-do-5g\/","title":{"rendered":"R\u00e1dio e demais setores econ\u00f4micos acompanham processo do edital do leil\u00e3o do 5G"},"content":{"rendered":"<p style=\"text-align: justify;\" data-fetch=\"true\">O setor de r\u00e1dio, assim como outros segmentos econ\u00f4micos e da sociedade, acompanhou nesta quarta-feira (18) a reuni\u00e3o do Tribunal de Contas da Uni\u00e3o (TCU) que teve o processo do edital do leil\u00e3o do 5G na pauta. O processo est\u00e1 atrasado no Brasil, sendo adiado desde 2019 por diferentes motivos. A obriga\u00e7\u00e3o de viabilizar uma rede privativa de comunica\u00e7\u00e3o para o governo federal \u00e9 um dos entraves ao processo. O 5G dever\u00e1 impulsionar todo consumo de servi\u00e7os digitais, passando por a\u00ed o interesse do meio r\u00e1dio, que j\u00e1 experimenta um crescimento de sua atua\u00e7\u00e3o on-line. Mesmo com pedido de vistas do ministro do TCU, Aroldo Cedraz, o processo n\u00e3o ser\u00e1 novamente adiado, ap\u00f3s manobra in\u00e9dita na corte.<\/p>\n<p style=\"text-align: justify;\">A vota\u00e7\u00e3o dos ministros encaminhou para a aprova\u00e7\u00e3o pr\u00e9via do ac\u00f3rd\u00e3o do relator Raimundo Carreiro, que libera o leil\u00e3o do 5G com altera\u00e7\u00f5es significativas nas regras propostas pela Anatel. Apesar do pedido de vistas no in\u00edcio da tarde de ontem (18), a vota\u00e7\u00e3o foi retomada com a interven\u00e7\u00e3o de Jorge Oliveira. O ministro, que \u00e9 ex-secret\u00e1rio-geral de Bolsonaro, acabou conseguindo reduzir o prazo de vistas de 60 dias para apenas uma semana, o que mant\u00e9m o cronograma do 5G previsto pelo governo. Com isso, Cedraz aparece como \u00fanico divergente, j\u00e1 que os demais ministros votaram de forma favor\u00e1vel para a aprova\u00e7\u00e3o.<\/p>\n<p style=\"text-align: justify;\">A \u00e1rea t\u00e9cnica do TCU havia recomendado a n\u00e3o aprova\u00e7\u00e3o, devido \u00e0s exig\u00eancias do documento, como constru\u00e7\u00e3o de rede privativa para o governo federal. Tamb\u00e9m h\u00e1 um receio do setor quanto ao custo de implanta\u00e7\u00e3o devido a esses pontos, o que poderia impactar no pre\u00e7o final do servi\u00e7o para a popula\u00e7\u00e3o.<\/p>\n<p style=\"text-align: justify;\">Outra discuss\u00e3o \u00e9 sobre como as operadoras ir\u00e3o comprar ou contratar para habilitar o sinal 5G. A previs\u00e3o de Fabio Faria, ministro das Comunica\u00e7\u00f5es, \u00e9 de que as capitais contem com o 5G em um ano, mas o processo descrito \u00e9 de longo prazo, com etapas at\u00e9 2029. A aprova\u00e7\u00e3o pr\u00e9via do TCU ocorrida ontem (18) dever\u00e1 manter as datas previstas.<\/p>\n<p style=\"text-align: justify;\">O 5G \u00e9 fundamental para a chamada &#8220;economia 4.0&#8221;, revolu\u00e7\u00e3o tecnol\u00f3gica que poder\u00e1 acelerar novos h\u00e1bitos de consumo de m\u00eddia em todo o planeta. O r\u00e1dio, que j\u00e1 experimenta um\u00a0<strong><a href=\"https:\/\/tudoradio.com\/noticias\/ver\/25424-o-radio-hoje-streaming-ja-corresponde-por-10-da-audiencia-de-radio-indica-nielsen\">avan\u00e7o de seu alcance digital<\/a><\/strong>\u00a0atrav\u00e9s de v\u00e1rias iniciativas on-line, impulsionadas pela maior oferta de conex\u00e3o por parte de ouvintes e tamb\u00e9m de dispositivos dispon\u00edveis (como smartphones e<strong><a href=\"https:\/\/tudoradio.com\/noticias\/ver\/24814-o-radio-hoje-smart-speakers-ja-representam-24-da-audiencia-em-streaming-de-radios-de-grupo-dos-eua\">\u00a0smart speakers<\/a><\/strong>), \u00e9 um grande interessado nesse processo.<\/p>\n<p style=\"text-align: justify;\">Como empresas, o r\u00e1dio tamb\u00e9m pode experimentar benef\u00edcios operacionais atrav\u00e9s do avan\u00e7o da conectividade e novas formas de ganhos, como o\u00a0<strong><a href=\"https:\/\/tudoradio.com\/noticias\/ver\/25848-tendencias-com-crescimento-do-streaming-anuncios-programaticos-em-audio-devem-avancar\">crescimento do mercado program\u00e1tico atrav\u00e9s do \u00e1udio digital<\/a><\/strong>\u00a0e o fortalecimento de iniciativas como o\u00a0<strong><a href=\"https:\/\/tudoradio.com\/colunas\/ver\/488-o-radio-caminha-para-se-consolidar-como-um-meio-hibrido\">r\u00e1dio h\u00edbrido<\/a><\/strong>, que combina os pontos fortes da opera\u00e7\u00e3o via dial (FM\/AM) com streaming (e outros dados oferecidos pelas esta\u00e7\u00f5es).<\/p>\n<p>&nbsp;<\/p>\n<figure style=\"width: 500px\" class=\"wp-caption aligncenter\"><img fetchpriority=\"high\" decoding=\"async\" src=\"https:\/\/tudoradio.com\/img\/uploads\/noticias\/611dc9cd182ce.jpeg\" alt=\"\" width=\"500\" height=\"275\" \/><figcaption class=\"wp-caption-text\">Arte de smartphone relacionado \u00e0 conex\u00e3o 5G \/ cr\u00e9dito: depositphotos.com<\/figcaption><\/figure>\n<p style=\"text-align: justify;\" data-fetch=\"true\">\n<p style=\"text-align: justify;\" data-fetch=\"true\"><em>Com informa\u00e7\u00f5es do Tele S\u00edntese e do TechTudo<\/em><\/p>\n<p style=\"text-align: justify;\" data-fetch=\"true\">\n<p style=\"text-align: justify;\" data-fetch=\"true\">Fonte: Tudor\u00e1dio<\/p>\n","protected":false},"excerpt":{"rendered":"<p>O setor de r\u00e1dio, assim como outros segmentos econ\u00f4micos e&hellip;<\/p>\n<p> <a class=\"more-link\" href=\"https:\/\/sertsc.org.br\/site\/radio-e-demais-setores-economicos-acompanham-processo-do-edital-do-leilao-do-5g\/\">Leia mais<\/a><\/p>\n","protected":false},"author":1,"featured_media":16190,"comment_status":"open","ping_status":"open","sticky":false,"template":"","format":"standard","meta":{"footnotes":""},"categories":[33,3],"tags":[],"class_list":{"0":"post-16189","1":"post","2":"type-post","3":"status-publish","4":"format-standard","5":"has-post-thumbnail","7":"category-destaques","8":"category-noticias"},"_links":{"self":[{"href":"https:\/\/sertsc.org.br\/site\/wp-json\/wp\/v2\/posts\/16189","targetHints":{"allow":["GET"]}}],"collection":[{"href":"https:\/\/sertsc.org.br\/site\/wp-json\/wp\/v2\/posts"}],"about":[{"href":"https:\/\/sertsc.org.br\/site\/wp-json\/wp\/v2\/types\/post"}],"author":[{"embeddable":true,"href":"https:\/\/sertsc.org.br\/site\/wp-json\/wp\/v2\/users\/1"}],"replies":[{"embeddable":true,"href":"https:\/\/sertsc.org.br\/site\/wp-json\/wp\/v2\/comments?post=16189"}],"version-history":[{"count":0,"href":"https:\/\/sertsc.org.br\/site\/wp-json\/wp\/v2\/posts\/16189\/revisions"}],"wp:featuredmedia":[{"embeddable":true,"href":"https:\/\/sertsc.org.br\/site\/wp-json\/"}],"wp:attachment":[{"href":"https:\/\/sertsc.org.br\/site\/wp-json\/wp\/v2\/media?parent=16189"}],"wp:term":[{"taxonomy":"category","embeddable":true,"href":"https:\/\/sertsc.org.br\/site\/wp-json\/wp\/v2\/categories?post=16189"},{"taxonomy":"post_tag","embeddable":true,"href":"https:\/\/sertsc.org.br\/site\/wp-json\/wp\/v2\/tags?post=16189"}],"curies":[{"name":"wp","href":"https:\/\/api.w.org\/{rel}","templated":true}]}}