{"id":16168,"date":"2021-08-17T08:58:36","date_gmt":"2021-08-17T11:58:36","guid":{"rendered":"https:\/\/www.sertsc.org.br\/site\/?p=16168"},"modified":"2021-08-17T08:58:36","modified_gmt":"2021-08-17T11:58:36","slug":"abratel-defende-que-plataformas-digitais-tenham-as-mesmas-obrigacoes-que-radio-e-televisao","status":"publish","type":"post","link":"https:\/\/sertsc.org.br\/site\/abratel-defende-que-plataformas-digitais-tenham-as-mesmas-obrigacoes-que-radio-e-televisao\/","title":{"rendered":"Abratel defende que plataformas digitais tenham as mesmas obriga\u00e7\u00f5es que r\u00e1dio e televis\u00e3o"},"content":{"rendered":"<p style=\"text-align: justify;\">O presidente da Abratel, M\u00e1rcio Novaes, acredita que as plataformas devem seguir as mesmas regras e obriga\u00e7\u00f5es dos ve\u00edculos de comunica\u00e7\u00e3o eletr\u00f4nica, como o r\u00e1dio e a televis\u00e3o. Novaes participou na \u00faltima quinta-feira, 12, de audi\u00eancia p\u00fablica na C\u00e2mara dos Deputados que discutiu transpar\u00eancia na defini\u00e7\u00e3o de pol\u00edticas de modera\u00e7\u00e3o de conte\u00fado em plataformas digitais.<\/p>\n<p style=\"text-align: justify;\">&#8220;Uma das quest\u00f5es mais importantes que precisam ser enfrentadas \u00e9 o desequil\u00edbrio regulat\u00f3rio existente entre ve\u00edculos de comunica\u00e7\u00e3o profissionais e os ve\u00edculos de comunica\u00e7\u00e3o provenientes das plataformas digitais e aplica\u00e7\u00f5es de redes sociais&#8221;, disse.\u00a0 Novaes enfatizou que &#8220;\u00e9 preciso coragem no Parlamento para trabalhar\u00a0essa quest\u00e3o, pois estamos atrasados&#8221;.<\/p>\n<p style=\"text-align: justify;\">O debate foi promovido pelo grupo de trabalho que analisa o Projeto de Lei (PL) 2630\/20, conhecido como &#8220;PL das fake news&#8221;. A proposta cria o Conselho de Transpar\u00eancia e Responsabilidade na Internet, que deve recomendar normas para liberdade, responsabilidade e transpar\u00eancia na rede.<\/p>\n<p style=\"text-align: justify;\">O representantes da Abratel destacou ainda que as plataformas usam a internet para impulsionar conte\u00fados de \u00f3dio e antidemocr\u00e1tico e devem ser considerados ve\u00edculos, porque vendem publicidade. &#8220;Jornalistas que assinam por seu conte\u00fado podem ser punidos e a empresa tamb\u00e9m. Precisamos acabar com esta assimetria&#8221;. Novaes cobrou transpar\u00eancia e responsabiliza\u00e7\u00e3o das grandes empresas de tecnologia.<\/p>\n<p style=\"text-align: justify;\">O professor do Laborat\u00f3rio de Pol\u00edticas de Comunica\u00e7\u00e3o (LaPCom) da Universidade de Bras\u00edlia (UnB) Jonas Valente tamb\u00e9m afirmou que as medidas de modera\u00e7\u00e3o de conte\u00fado das plataformas s\u00e3o insuficientes. Valente notou que o uso de sistemas automatizados para modera\u00e7\u00e3o \u00e9 incapaz de lidar com o contexto, por isso \u00e9 importante que haja um processo para agir contra abusos.<\/p>\n<p>&nbsp;<\/p>\n<p>Fonte: TelaViva<\/p>\n","protected":false},"excerpt":{"rendered":"<p>O presidente da Abratel, M\u00e1rcio Novaes, acredita que as plataformas&hellip;<\/p>\n<p> <a class=\"more-link\" href=\"https:\/\/sertsc.org.br\/site\/abratel-defende-que-plataformas-digitais-tenham-as-mesmas-obrigacoes-que-radio-e-televisao\/\">Leia mais<\/a><\/p>\n","protected":false},"author":1,"featured_media":16169,"comment_status":"open","ping_status":"open","sticky":false,"template":"","format":"standard","meta":{"footnotes":""},"categories":[33,3],"tags":[],"class_list":{"0":"post-16168","1":"post","2":"type-post","3":"status-publish","4":"format-standard","5":"has-post-thumbnail","7":"category-destaques","8":"category-noticias"},"_links":{"self":[{"href":"https:\/\/sertsc.org.br\/site\/wp-json\/wp\/v2\/posts\/16168","targetHints":{"allow":["GET"]}}],"collection":[{"href":"https:\/\/sertsc.org.br\/site\/wp-json\/wp\/v2\/posts"}],"about":[{"href":"https:\/\/sertsc.org.br\/site\/wp-json\/wp\/v2\/types\/post"}],"author":[{"embeddable":true,"href":"https:\/\/sertsc.org.br\/site\/wp-json\/wp\/v2\/users\/1"}],"replies":[{"embeddable":true,"href":"https:\/\/sertsc.org.br\/site\/wp-json\/wp\/v2\/comments?post=16168"}],"version-history":[{"count":0,"href":"https:\/\/sertsc.org.br\/site\/wp-json\/wp\/v2\/posts\/16168\/revisions"}],"wp:featuredmedia":[{"embeddable":true,"href":"https:\/\/sertsc.org.br\/site\/wp-json\/"}],"wp:attachment":[{"href":"https:\/\/sertsc.org.br\/site\/wp-json\/wp\/v2\/media?parent=16168"}],"wp:term":[{"taxonomy":"category","embeddable":true,"href":"https:\/\/sertsc.org.br\/site\/wp-json\/wp\/v2\/categories?post=16168"},{"taxonomy":"post_tag","embeddable":true,"href":"https:\/\/sertsc.org.br\/site\/wp-json\/wp\/v2\/tags?post=16168"}],"curies":[{"name":"wp","href":"https:\/\/api.w.org\/{rel}","templated":true}]}}