{"id":16159,"date":"2021-08-16T08:58:12","date_gmt":"2021-08-16T11:58:12","guid":{"rendered":"https:\/\/www.sertsc.org.br\/site\/?p=16159"},"modified":"2021-08-16T08:58:12","modified_gmt":"2021-08-16T11:58:12","slug":"voce-e-um-comunicador-conectado-ao-seu-tempo","status":"publish","type":"post","link":"https:\/\/sertsc.org.br\/site\/voce-e-um-comunicador-conectado-ao-seu-tempo\/","title":{"rendered":"Voc\u00ea \u00e9 um comunicador conectado ao seu tempo?"},"content":{"rendered":"<p style=\"text-align: justify;\">O setor de comunica\u00e7\u00e3o tem passado por constantes mudan\u00e7as para acompanhar as inova\u00e7\u00f5es tecnol\u00f3gicas e as novas demandas do mercado. Por isso, os profissionais precisam investir para se manter relevantes e atualizados, em um mundo conectado e cada vez mais exigente e fragmentado. Al\u00e9m de informar de maneira clara, eficiente e emp\u00e1tica, um dos grandes desafios, \u00e9 entregar a mesma mensagem em diferentes plataformas, gerando conex\u00f5es verdadeiras com as pessoas.<\/p>\n<p style=\"text-align: justify;\">Para a Head de Pessoas e Cultura do Grupo GRPCOM, Pamela Marin, existe uma gama de fatores que contribuem para ser um comunicador eficiente em um mundo em constante transforma\u00e7\u00e3o, mas \u00e9 fundamental algu\u00e9m que olhe o produto de forma completa, ou seja, que esteja envolvido em todas as etapas da cria\u00e7\u00e3o, e que tenha vontade de aprender e estar se atualizando constantemente.<\/p>\n<p style=\"text-align: justify;\">\u201cHoje, al\u00e9m de toda a destreza com a fala e com a comunica\u00e7\u00e3o assertiva, o comunicador precisa entender com quem ele est\u00e1 conversando, olhar de uma forma t\u00e9cnica para o p\u00fablico e endere\u00e7ar a mensagem de maneira efetiva. \u00c9 preciso ter um olhar multiplataforma, para encaixar a sua linguagem para esses diferentes p\u00fablicos que est\u00e3o em diversas plataformas. A constante reciclagem tamb\u00e9m \u00e9 importante\u201d.<\/p>\n<p style=\"text-align: justify;\">Intelig\u00eancia emocional, flexibilidade, agilidade e curiosidade tamb\u00e9m impactam de forma positiva para se tornar um comunicador mais completo e conectado com a realidade. \u201c\u00c9 necess\u00e1rio ter jogo de cintura e muita criatividade para lidar com as oportunidades que ele ter\u00e1 quando estiver no ar, para modelar o produto e para se adaptar aos desafios que aparecer\u00e3o ao longo da carreira\u201d, diz.<\/p>\n<p style=\"text-align: justify;\">Para a head, algumas caracter\u00edsticas s\u00e3o fundamentais na hora da contrata\u00e7\u00e3o, como ter um olhar estrat\u00e9gico, captar as oportunidades e ser capaz de transform\u00e1-las em solu\u00e7\u00f5es.\u00a0 \u201cTamb\u00e9m procuramos pessoas criativas, mas capazes de colocar as ideias em pr\u00e1tica, um profissional colaborativo, aberto \u00e0s mudan\u00e7as e aos feedbacks. Essas s\u00e3o habilidades important\u00edssimas para um profissional que trabalhe com o nosso grupo\u201d, afirma.<\/p>\n<p style=\"text-align: justify;\">Al\u00e9m disso, \u00e9 sempre importante lembrar que o cuidado com a imagem fora da empresa \u00e9 um fator relevante e que merece aten\u00e7\u00e3o. \u201cO cuidado com a maneira de expor a sua imagem, de se comunicar nas plataformas de redes sociais, de construir rela\u00e7\u00f5es di\u00e1rias. Eu diria que o profissional precisa pensar que ele \u00e9 mais completo do que s\u00f3 aquele momento que est\u00e1 no ar, e isso conta muito na trajet\u00f3ria profissional\u201d.<\/p>\n<p style=\"text-align: justify;\"><strong>Personalidade \u00e9 a alma do bom comunicador<\/strong><\/p>\n<p style=\"text-align: justify;\">De acordo com o Head Corporativo de R\u00e1dios do Grupo RIC, Djonatas Eduardo Vieira Terribas, a personalidade \u00e9 algo essencial para um bom comunicador, principalmente, para gerar aproxima\u00e7\u00e3o com o p\u00fablico.<\/p>\n<p style=\"text-align: justify;\">\u201cO comunicador precisa ter uma personalidade \u00fanica, capaz de se conectar com os ouvintes, afinal, pessoas se conectam com pessoas. Por isso, hoje um dos \u00faltimos atributos que escolhemos \u00e9 a voz. Al\u00e9m disso, \u00e9 fundamental que o locutor seja praticamente um influenciador digital. Uma das coisas que a gente mais busca \u00e9 essa versatilidade \u2013 r\u00e1dio e redes sociais\u201d.<\/p>\n<p style=\"text-align: justify;\">No entanto, cada produto oferecido pelas r\u00e1dios do grupo, requer uma personalidade que se encaixe com determinada proposta, destaca o head. \u201cNo hor\u00e1rio da tarde na Jovem Pan, por exemplo, precisamos de algu\u00e9m mais divertido e engra\u00e7ado, j\u00e1 no per\u00edodo noturno optamos por uma pessoa com mais energia e extrovertida, porque a programa\u00e7\u00e3o nesse hor\u00e1rio \u00e9 mais alegre e abrangente\u201d.<\/p>\n<p style=\"text-align: justify;\">Outro fator relevante para Terribas \u00e9 a capacidade de aprendizagem, devido \u00e0s transforma\u00e7\u00f5es atuais da comunica\u00e7\u00e3o. \u201cSer vers\u00e1til e ter uma boa capacidade de aprendizagem \u00e9 fundamental. Al\u00e9m disso, ser uma pessoa pontual \u00e9 essencial, j\u00e1 que o r\u00e1dio \u00e9 um ve\u00edculo que faz parte da rotina dos ouvintes, e uma pessoa que n\u00e3o cumpre hor\u00e1rios n\u00e3o \u00e9 vi\u00e1vel\u201d.<\/p>\n<p style=\"text-align: justify;\">\n<p style=\"text-align: justify;\">Fonte: AERP<\/p>\n","protected":false},"excerpt":{"rendered":"<p>O setor de comunica\u00e7\u00e3o tem passado por constantes mudan\u00e7as para&hellip;<\/p>\n<p> <a class=\"more-link\" href=\"https:\/\/sertsc.org.br\/site\/voce-e-um-comunicador-conectado-ao-seu-tempo\/\">Leia mais<\/a><\/p>\n","protected":false},"author":1,"featured_media":16160,"comment_status":"open","ping_status":"open","sticky":false,"template":"","format":"standard","meta":{"footnotes":""},"categories":[33,3],"tags":[],"class_list":{"0":"post-16159","1":"post","2":"type-post","3":"status-publish","4":"format-standard","5":"has-post-thumbnail","7":"category-destaques","8":"category-noticias"},"_links":{"self":[{"href":"https:\/\/sertsc.org.br\/site\/wp-json\/wp\/v2\/posts\/16159","targetHints":{"allow":["GET"]}}],"collection":[{"href":"https:\/\/sertsc.org.br\/site\/wp-json\/wp\/v2\/posts"}],"about":[{"href":"https:\/\/sertsc.org.br\/site\/wp-json\/wp\/v2\/types\/post"}],"author":[{"embeddable":true,"href":"https:\/\/sertsc.org.br\/site\/wp-json\/wp\/v2\/users\/1"}],"replies":[{"embeddable":true,"href":"https:\/\/sertsc.org.br\/site\/wp-json\/wp\/v2\/comments?post=16159"}],"version-history":[{"count":0,"href":"https:\/\/sertsc.org.br\/site\/wp-json\/wp\/v2\/posts\/16159\/revisions"}],"wp:featuredmedia":[{"embeddable":true,"href":"https:\/\/sertsc.org.br\/site\/wp-json\/"}],"wp:attachment":[{"href":"https:\/\/sertsc.org.br\/site\/wp-json\/wp\/v2\/media?parent=16159"}],"wp:term":[{"taxonomy":"category","embeddable":true,"href":"https:\/\/sertsc.org.br\/site\/wp-json\/wp\/v2\/categories?post=16159"},{"taxonomy":"post_tag","embeddable":true,"href":"https:\/\/sertsc.org.br\/site\/wp-json\/wp\/v2\/tags?post=16159"}],"curies":[{"name":"wp","href":"https:\/\/api.w.org\/{rel}","templated":true}]}}