{"id":16156,"date":"2021-08-16T08:53:06","date_gmt":"2021-08-16T11:53:06","guid":{"rendered":"https:\/\/www.sertsc.org.br\/site\/?p=16156"},"modified":"2021-08-16T08:53:06","modified_gmt":"2021-08-16T11:53:06","slug":"radios-de-sete-cidades-brasileiras-recebem-autorizacao-para-transmitir-em-fm","status":"publish","type":"post","link":"https:\/\/sertsc.org.br\/site\/radios-de-sete-cidades-brasileiras-recebem-autorizacao-para-transmitir-em-fm\/","title":{"rendered":"R\u00e1dios de sete cidades brasileiras recebem autoriza\u00e7\u00e3o para transmitir em FM"},"content":{"rendered":"<div class=\"uk-margin-small abertura-subtitulo\" style=\"text-align: justify;\">A popula\u00e7\u00e3o de sete munic\u00edpios brasileiros conta agora com novas op\u00e7\u00f5es de entretenimento, servi\u00e7os e informa\u00e7\u00e3o nas ondas do r\u00e1dio FM. No \u00faltimo dia 5, o Minist\u00e9rio das Comunica\u00e7\u00f5es (MCom) autorizou que emissoras locais migrem da frequ\u00eancia AM para FM. A medida, publicada no Di\u00e1rio Oficial da Uni\u00e3o, contempla r\u00e1dios das cidades de <a href=\"https:\/\/in.gov.br\/web\/dou\/-\/extratos-de-termos-aditivos-ao-contrato-de-concessao-336404184\">Coromandel (MG)<\/a>,\u00a0<a href=\"https:\/\/in.gov.br\/web\/dou\/-\/extrato-de-termo-aditivo-ao-contrato-de-concessao-336404106\">Areia (PB)<\/a>,\u00a0<a href=\"https:\/\/in.gov.br\/web\/dou\/-\/extrato-de-termo-aditivo-ao-contrato-de-concessao-336396917\">Campo Mour\u00e3o (PR)<\/a>,\u00a0<a href=\"https:\/\/in.gov.br\/web\/dou\/-\/extrato-de-termo-aditivo-ao-contrato-de-concessao-336396995\">Porto Lucena (RS)<\/a>,\u00a0<a href=\"https:\/\/in.gov.br\/web\/dou\/-\/extratos-de-termos-aditivos-ao-contrato-de-concessao-336404184\">S\u00e3o Leopoldo (RS)<\/a>,\u00a0<a href=\"https:\/\/in.gov.br\/web\/dou\/-\/extrato-de-termo-aditivo-ao-contrato-de-concessao-336398142\">Florian\u00f3polis (SC)<\/a>\u00a0e\u00a0<a href=\"http:\/\/in.gov.br\/web\/dou\/-\/extrato-de-termo-aditivo-ao-contrato-de-concessao-336397073\">Rancharia (SP)<\/a>.<\/div>\n<div class=\"uk-margin-remove-vertical\" style=\"text-align: justify;\">\n<p>Com as novas portarias, chega a cerca de 900 o n\u00famero de emissoras AM autorizadas a migrar para FM. Ao todo, 1.655 r\u00e1dios solicitaram a migra\u00e7\u00e3o. A meta \u00e9 avaliar e efetivar todos os pedidos at\u00e9 2022. Maximiliano Martinh\u00e3o, secret\u00e1rio de Radiodifus\u00e3o do MCom, acrescenta que o objetivo \u00e9 fortalecer o setor, garantindo acesso \u00e0 informa\u00e7\u00e3o com qualidade para a popula\u00e7\u00e3o.<\/p>\n<p>&#8220;Nas \u00e1reas urbanas, as emissoras AM sofrem com a interfer\u00eancia no sinal, o que gera ru\u00eddos. Queremos garantir que as r\u00e1dios, importantes para suas comunidades, possam se manter prestando servi\u00e7os com mais qualidade e diversidade na programa\u00e7\u00e3o&#8221;, argumenta.<\/p>\n<p><strong>R\u00e1dios comunit\u00e1rias<\/strong><\/p>\n<p>O presidente da Rep\u00fablica, Jair Bolsonaro,\u00a0<a href=\"https:\/\/in.gov.br\/en\/web\/dou\/-\/despachos-do-presidente-da-republica-336328419\">encaminhou ao Congresso Nacional nesta quinta (5\/8)<\/a>\u00a0a aprecia\u00e7\u00e3o da Portaria 7.227\/2020, que outorga autoriza\u00e7\u00e3o \u00e0 Associa\u00e7\u00e3o Campos de Tracuateua para execu\u00e7\u00e3o do servi\u00e7o de radiodifus\u00e3o comunit\u00e1ria em Tracuateua (PA). Tamb\u00e9m encaminhou aos parlamentares 30 portarias que renovam autoriza\u00e7\u00f5es de r\u00e1dios comunit\u00e1rias em 11 estados.<\/p>\n<\/div>\n<div class=\"uk-margin-small\" style=\"text-align: justify;\"><span class=\"prefix\">Fonte:<\/span>\u00a0ASCOM\/ Minist\u00e9rio das Comunica\u00e7\u00f5es<\/div>\n","protected":false},"excerpt":{"rendered":"<p>A popula\u00e7\u00e3o de sete munic\u00edpios brasileiros conta agora com novas&hellip;<\/p>\n<p> <a class=\"more-link\" href=\"https:\/\/sertsc.org.br\/site\/radios-de-sete-cidades-brasileiras-recebem-autorizacao-para-transmitir-em-fm\/\">Leia mais<\/a><\/p>\n","protected":false},"author":1,"featured_media":16157,"comment_status":"open","ping_status":"open","sticky":false,"template":"","format":"standard","meta":{"footnotes":""},"categories":[33,3],"tags":[],"class_list":{"0":"post-16156","1":"post","2":"type-post","3":"status-publish","4":"format-standard","5":"has-post-thumbnail","7":"category-destaques","8":"category-noticias"},"_links":{"self":[{"href":"https:\/\/sertsc.org.br\/site\/wp-json\/wp\/v2\/posts\/16156","targetHints":{"allow":["GET"]}}],"collection":[{"href":"https:\/\/sertsc.org.br\/site\/wp-json\/wp\/v2\/posts"}],"about":[{"href":"https:\/\/sertsc.org.br\/site\/wp-json\/wp\/v2\/types\/post"}],"author":[{"embeddable":true,"href":"https:\/\/sertsc.org.br\/site\/wp-json\/wp\/v2\/users\/1"}],"replies":[{"embeddable":true,"href":"https:\/\/sertsc.org.br\/site\/wp-json\/wp\/v2\/comments?post=16156"}],"version-history":[{"count":0,"href":"https:\/\/sertsc.org.br\/site\/wp-json\/wp\/v2\/posts\/16156\/revisions"}],"wp:featuredmedia":[{"embeddable":true,"href":"https:\/\/sertsc.org.br\/site\/wp-json\/"}],"wp:attachment":[{"href":"https:\/\/sertsc.org.br\/site\/wp-json\/wp\/v2\/media?parent=16156"}],"wp:term":[{"taxonomy":"category","embeddable":true,"href":"https:\/\/sertsc.org.br\/site\/wp-json\/wp\/v2\/categories?post=16156"},{"taxonomy":"post_tag","embeddable":true,"href":"https:\/\/sertsc.org.br\/site\/wp-json\/wp\/v2\/tags?post=16156"}],"curies":[{"name":"wp","href":"https:\/\/api.w.org\/{rel}","templated":true}]}}