{"id":16152,"date":"2021-08-13T13:52:53","date_gmt":"2021-08-13T16:52:53","guid":{"rendered":"https:\/\/www.sertsc.org.br\/site\/?p=16152"},"modified":"2021-08-13T13:52:53","modified_gmt":"2021-08-13T16:52:53","slug":"guliver-leao-e-o-novo-presidente-da-cncom","status":"publish","type":"post","link":"https:\/\/sertsc.org.br\/site\/guliver-leao-e-o-novo-presidente-da-cncom\/","title":{"rendered":"Guliver Le\u00e3o \u00e9 o novo presidente da CNCom"},"content":{"rendered":"<p style=\"text-align: justify;\">O presidente da Fenaert (Federa\u00e7\u00e3o Nacional das Empresas de R\u00e1dio e Televis\u00e3o), Guliver Le\u00e3o, assumir\u00e1, nos pr\u00f3ximos dias, a presid\u00eancia da CNCom (Confedera\u00e7\u00e3o Nacional de Comunica\u00e7\u00e3o Social), entidade que re\u00fane a Fenapro (Federa\u00e7\u00e3o Nacional das Ag\u00eancias de Propaganda) e a Fenajore (Federa\u00e7\u00e3o Nacional de Jornais e Revistas), al\u00e9m da Fenaert.<\/p>\n<p style=\"text-align: justify;\">Guliver substitui o publicit\u00e1rio Glaucio Binder, que assumiu a CNCom em 2019, quando participou da cria\u00e7\u00e3o e desenvolvimento da Confedera\u00e7\u00e3o.<\/p>\n<p style=\"text-align: justify;\">\u201cA CNCom foi criada para dar voz \u00e0s entidades que representam os jornais, r\u00e1dio, TV e publicidade, e daremos continuidade \u00e0 importante miss\u00e3o de represent\u00e1-las junto aos \u00f3rg\u00e3os p\u00fablicos\u201d, afirma Guliver.<\/p>\n<p style=\"text-align: justify;\">Advogado e p\u00f3s-graduado em Administra\u00e7\u00e3o de Empresas e Administra\u00e7\u00e3o P\u00fablica, o empres\u00e1rio Guliver Augusto Le\u00e3o \u00e9 diretor Jur\u00eddico e de Rela\u00e7\u00f5es Institucionais do Grupo Jaime C\u00e2mara, de Goi\u00e1s. Presidiu o Sindicato das Empresas de Radiodifus\u00e3o do Estado de Goi\u00e1s (SERT\/GO), sendo conselheiro efetivo do Conselho Nacional de Autorregulamenta\u00e7\u00e3o Publicit\u00e1ria (Conar).<\/p>\n<p style=\"text-align: justify;\">Na nova diretoria estar\u00e3o Ary dos Santos (VP pela Fenaert), Andr\u00e9 Jungblut (VP pela Fenajore), Daniel Queiroz (VP pela Fenapro), Ricardo Menezes (diretor de Secretaria), Edison Biasin (diretor de Finan\u00e7as), Eduardo Pereira (diretor de Enquadramento Sindical) e Jos\u00e9 Nilvan (diretor de Rela\u00e7\u00f5es Institucionais). Participar\u00e3o do Conselho Fiscal, Andr\u00e9 Lacerda, Carlos Ross, Guilherme Rabboni Junior, Isabel Baggio, Jer\u00f4nimo Fragomeni e Jones Alei.<\/p>\n<p>&nbsp;<\/p>\n<p>Fonte: ABERT<\/p>\n","protected":false},"excerpt":{"rendered":"<p>O presidente da Fenaert (Federa\u00e7\u00e3o Nacional das Empresas de R\u00e1dio&hellip;<\/p>\n<p> <a class=\"more-link\" href=\"https:\/\/sertsc.org.br\/site\/guliver-leao-e-o-novo-presidente-da-cncom\/\">Leia mais<\/a><\/p>\n","protected":false},"author":1,"featured_media":16153,"comment_status":"open","ping_status":"open","sticky":false,"template":"","format":"standard","meta":{"footnotes":""},"categories":[33,3],"tags":[],"class_list":{"0":"post-16152","1":"post","2":"type-post","3":"status-publish","4":"format-standard","5":"has-post-thumbnail","7":"category-destaques","8":"category-noticias"},"_links":{"self":[{"href":"https:\/\/sertsc.org.br\/site\/wp-json\/wp\/v2\/posts\/16152","targetHints":{"allow":["GET"]}}],"collection":[{"href":"https:\/\/sertsc.org.br\/site\/wp-json\/wp\/v2\/posts"}],"about":[{"href":"https:\/\/sertsc.org.br\/site\/wp-json\/wp\/v2\/types\/post"}],"author":[{"embeddable":true,"href":"https:\/\/sertsc.org.br\/site\/wp-json\/wp\/v2\/users\/1"}],"replies":[{"embeddable":true,"href":"https:\/\/sertsc.org.br\/site\/wp-json\/wp\/v2\/comments?post=16152"}],"version-history":[{"count":0,"href":"https:\/\/sertsc.org.br\/site\/wp-json\/wp\/v2\/posts\/16152\/revisions"}],"wp:featuredmedia":[{"embeddable":true,"href":"https:\/\/sertsc.org.br\/site\/wp-json\/"}],"wp:attachment":[{"href":"https:\/\/sertsc.org.br\/site\/wp-json\/wp\/v2\/media?parent=16152"}],"wp:term":[{"taxonomy":"category","embeddable":true,"href":"https:\/\/sertsc.org.br\/site\/wp-json\/wp\/v2\/categories?post=16152"},{"taxonomy":"post_tag","embeddable":true,"href":"https:\/\/sertsc.org.br\/site\/wp-json\/wp\/v2\/tags?post=16152"}],"curies":[{"name":"wp","href":"https:\/\/api.w.org\/{rel}","templated":true}]}}