{"id":15999,"date":"2021-07-26T09:14:35","date_gmt":"2021-07-26T12:14:35","guid":{"rendered":"https:\/\/www.sertsc.org.br\/site\/?p=15999"},"modified":"2021-07-26T09:14:35","modified_gmt":"2021-07-26T12:14:35","slug":"anatel-divulga-novos-canais-do-fm-2-0-para-a-grande-sao-paulo-e-cidades-proximas-da-capital-paulista","status":"publish","type":"post","link":"https:\/\/sertsc.org.br\/site\/anatel-divulga-novos-canais-do-fm-2-0-para-a-grande-sao-paulo-e-cidades-proximas-da-capital-paulista\/","title":{"rendered":"Anatel divulga novos canais do FM 2.0 para a Grande S\u00e3o Paulo e cidades pr\u00f3ximas da capital paulista"},"content":{"rendered":"<p style=\"text-align: justify;\">A Ag\u00eancia Nacional de Telecomunica\u00e7\u00f5es (Anatel) divulgou mais uma lista de canais que ir\u00e3o abrigar emissoras que est\u00e3o no processo de migra\u00e7\u00e3o AM-FM na\u00a0<strong><a href=\"https:\/\/tudoradio.com\/dials\/regiao\/1-grande-sao-paulo\/\">Grande S\u00e3o Paulo<\/a><\/strong>\u00a0e cidades do interior do estado que est\u00e3o mais pr\u00f3ximas da capital, como Jundia\u00ed e Ibi\u00fana. Os canais j\u00e1 est\u00e3o publicados no sistema\u00a0Mosaico da Anatel, sendo que alguns contam com destina\u00e7\u00e3o de emissoras. Ao todo, s\u00e3o 25 canais em nove cidades, tendo a capital paulista entre elas. Os canais s\u00e3o em eFM (faixa estendida, iniciada em 76 MHz).\u00a0<em><strong>Confira a lista de frequ\u00eancias no final da mat\u00e9ria<\/strong><\/em>.<\/p>\n<p style=\"text-align: justify;\">Todas as nove cidades contempladas contam com canais que est\u00e3o no chamado FM estendido (eFM). Na Grande S\u00e3o Paulo, s\u00e3o dez canais listados nas cidades de Cotia, Guarulhos, Mogi das Cruzes, Osasco, Santo Andr\u00e9 e S\u00e3o Caetano. Jundia\u00ed tem dois canais e Ibi\u00fana conta com um.<\/p>\n<p style=\"text-align: justify;\">Esse mesmo processo de publica\u00e7\u00e3o dos canais no sistema Mosaico sobre a migra\u00e7\u00e3o AM-FM paulista tamb\u00e9m foi acompanhada pelo setor no in\u00edcio deste m\u00eas, quando foram divulgadas\u00a0as frequ\u00eancias de v\u00e1rias localidades, como\u00a0<a href=\"https:\/\/tudoradio.com\/noticias\/ver\/25715-anatel-publica-canais-para-migracao-am-fm-das-regioes-de-campinas-ribeirao-preto-sao-jose-dos-campos-sorocaba-e-piracicaba\"><strong>Campinas, Ribeir\u00e3o Preto, S\u00e3o Jos\u00e9 dos Campos, Sorocaba, entre outras<\/strong><\/a>. Na ocasi\u00e3o, tamb\u00e9m foram informados alguns canais da Grande S\u00e3o Paulo e proximidades.<\/p>\n<p style=\"text-align: justify;\">O<strong><a href=\"https:\/\/tudoradio.com\/noticias\/ver\/25362-migracao-am-fm-em-faixa-estendida-de-fm-e-iniciada-hoje-em-sp-rj-df-mg-pe-e-rs\">\u00a0in\u00edcio das transmiss\u00f5es em car\u00e1ter cient\u00edfico das emissoras do eFM<\/a><\/strong>\u00a0ocorreu no dia 7 de maio nos mercados de S\u00e3o Paulo, Rio de Janeiro, Bras\u00edlia, Belo Horizonte, Recife e Porto Alegre. A R\u00e1dio Capital AM 1040 de S\u00e3o Paulo, R\u00e1dio Jornal AM 780 do Recife, Cultura Brasil AM 1200 de S\u00e3o Paulo e R\u00e1dio Liberdade AM 970 de Porto Alegre estavam entre as pioneiras na transmiss\u00e3o.<\/p>\n<p style=\"text-align: justify;\">A faixa estendida de FM \u00e9 uma solu\u00e7\u00e3o que o setor encontrou para acomodar as migrantes do AM nos centros onde o espectro de 88.1 FM a 107.9 FM est\u00e1 congestionado. O\u00a0<strong><a href=\"https:\/\/tudoradio.com\/mapa\">Mapa da Atualiza\u00e7\u00e3o do tudoradio.com\u00a0<\/a><\/strong>acompanhar\u00e1 em tempo real as estreias das eFMs no dial.<\/p>\n<p style=\"text-align: justify;\"><strong>Veja a lista de canais disponibilizados pela Anatel<\/strong><\/p>\n<p style=\"text-align: justify;\"><em><strong>Cotia<\/strong><br \/>\nFM 76.1 &#8211; Classe A2 (R\u00e1dio Nacional Gospel)<\/em><\/p>\n<p style=\"text-align: justify;\" data-fetch=\"true\"><em><strong>Guarulhos<\/strong><br \/>\nFM 84.7 &#8211; Classe A4<br \/>\nFM 85.5 &#8211; Classe A4<\/em><\/p>\n<p style=\"text-align: justify;\"><em><strong>Ibi\u00fana<\/strong><br \/>\nFM 80.9 &#8211; Classe A4 (RBC Bel\u00e9m AM 1350)<\/em><\/p>\n<p style=\"text-align: justify;\"><em><strong>Jundia\u00ed<\/strong><br \/>\nFM 82.1 &#8211; Classe A1<br \/>\nFM 81.7 &#8211; Classe A1<\/em><\/p>\n<p style=\"text-align: justify;\"><em><strong>Mogi das Cruzes<\/strong><br \/>\nFM 78.3 &#8211; Classe A3 (R\u00e1dio Metropolitana AM 1070)<br \/>\nFM 83.9 &#8211; Classe A4 (R\u00e1dio Da Cidade AM 1520)<\/em><\/p>\n<p style=\"text-align: justify;\"><em><strong>Osasco<\/strong><br \/>\nFM 79.9 &#8211; Classe A4<br \/>\nFM 79.1 &#8211; Classe A4<\/em><\/p>\n<p style=\"text-align: justify;\"><em><strong>Santo Andr\u00e9<\/strong><br \/>\nFM 80.3 &#8211; Classe A1 (R\u00e1dio Trianon AM 740)<br \/>\nFM 81.9 &#8211; Classe A4 (R\u00e1dio ABC AM 1570)<\/em><\/p>\n<p style=\"text-align: justify;\"><em><strong>S\u00e3o Caetano do Sul<\/strong><br \/>\nFM 80.7 &#8211; Classe A3 (Super R\u00e1dio AM 1150)<\/em><\/p>\n<p style=\"text-align: justify;\" data-fetch=\"true\"><em><strong>S\u00e3o Paulo<\/strong><br \/>\nFM 76.7 &#8211; Classe E3<br \/>\nFM 77.1 &#8211; Classe E2<br \/>\nFM 77.5 &#8211; Classe E2<br \/>\nFM 77.9 &#8211; Classe A4<br \/>\nFM 78.7 &#8211; Classe A2<br \/>\nFM 79.5 &#8211; Classe A2<br \/>\nFM 82.7 &#8211; Classe A1<br \/>\nFM 83.5 &#8211; Classe A4<br \/>\nFM 84.3 &#8211; Classe A4<br \/>\nFM 85.1 &#8211; Classe A4<br \/>\nFM 85.9 &#8211; Classe A1<br \/>\nFM 86.3 &#8211; Classe A1<\/em><\/p>\n<p style=\"text-align: justify;\" data-fetch=\"true\">\n<p style=\"text-align: justify;\" data-fetch=\"true\">Fonte: Tudor\u00e1dio<\/p>\n","protected":false},"excerpt":{"rendered":"<p>A Ag\u00eancia Nacional de Telecomunica\u00e7\u00f5es (Anatel) divulgou mais uma lista&hellip;<\/p>\n<p> <a class=\"more-link\" href=\"https:\/\/sertsc.org.br\/site\/anatel-divulga-novos-canais-do-fm-2-0-para-a-grande-sao-paulo-e-cidades-proximas-da-capital-paulista\/\">Leia mais<\/a><\/p>\n","protected":false},"author":1,"featured_media":16000,"comment_status":"open","ping_status":"open","sticky":false,"template":"","format":"standard","meta":{"footnotes":""},"categories":[33,3],"tags":[],"class_list":{"0":"post-15999","1":"post","2":"type-post","3":"status-publish","4":"format-standard","5":"has-post-thumbnail","7":"category-destaques","8":"category-noticias"},"_links":{"self":[{"href":"https:\/\/sertsc.org.br\/site\/wp-json\/wp\/v2\/posts\/15999","targetHints":{"allow":["GET"]}}],"collection":[{"href":"https:\/\/sertsc.org.br\/site\/wp-json\/wp\/v2\/posts"}],"about":[{"href":"https:\/\/sertsc.org.br\/site\/wp-json\/wp\/v2\/types\/post"}],"author":[{"embeddable":true,"href":"https:\/\/sertsc.org.br\/site\/wp-json\/wp\/v2\/users\/1"}],"replies":[{"embeddable":true,"href":"https:\/\/sertsc.org.br\/site\/wp-json\/wp\/v2\/comments?post=15999"}],"version-history":[{"count":0,"href":"https:\/\/sertsc.org.br\/site\/wp-json\/wp\/v2\/posts\/15999\/revisions"}],"wp:featuredmedia":[{"embeddable":true,"href":"https:\/\/sertsc.org.br\/site\/wp-json\/"}],"wp:attachment":[{"href":"https:\/\/sertsc.org.br\/site\/wp-json\/wp\/v2\/media?parent=15999"}],"wp:term":[{"taxonomy":"category","embeddable":true,"href":"https:\/\/sertsc.org.br\/site\/wp-json\/wp\/v2\/categories?post=15999"},{"taxonomy":"post_tag","embeddable":true,"href":"https:\/\/sertsc.org.br\/site\/wp-json\/wp\/v2\/tags?post=15999"}],"curies":[{"name":"wp","href":"https:\/\/api.w.org\/{rel}","templated":true}]}}