{"id":15984,"date":"2021-07-23T08:37:51","date_gmt":"2021-07-23T11:37:51","guid":{"rendered":"https:\/\/www.sertsc.org.br\/site\/?p=15984"},"modified":"2021-07-23T08:37:51","modified_gmt":"2021-07-23T11:37:51","slug":"secom-do-governo-federal-apresenta-proposta-de-simplificacao-do-midiacad-e-destaca-parceria-com-entidades-de-radiodifusao","status":"publish","type":"post","link":"https:\/\/sertsc.org.br\/site\/secom-do-governo-federal-apresenta-proposta-de-simplificacao-do-midiacad-e-destaca-parceria-com-entidades-de-radiodifusao\/","title":{"rendered":"Secom do Governo Federal apresenta proposta de simplifica\u00e7\u00e3o do Midiacad e destaca parceria com entidades de radiodifus\u00e3o"},"content":{"rendered":"<p style=\"text-align: justify;\">A Secretaria de Comunica\u00e7\u00e3o Social da Presid\u00eancia da Rep\u00fablica (Secom) realizou uma reuni\u00e3o virtual com radiodifusores de v\u00e1rios estados, via plataforma Microsoft Teams, para apresentar a nova proposta de simplifica\u00e7\u00e3o do Cadastro de Ve\u00edculos de Divulga\u00e7\u00e3o (Midiacad). A participa\u00e7\u00e3o de Santa Catarina foi efetiva com 280 inscri\u00e7\u00f5es. A atua\u00e7\u00e3o da Acaert, Aerp e Amirt foi destacada durante o encontro.<\/p>\n<p style=\"text-align: justify;\">Durante a reuni\u00e3o, o Secret\u00e1rio Especial de Comunica\u00e7\u00e3o Social, Andr\u00e9 de Sousa Costa, anunciou que a Secom est\u00e1 promovendo uma reformula\u00e7\u00e3o do \u00f3rg\u00e3o com o objetivo de desburocratizar e simplificar os processos. \u201cNeste sentido, \u00e9 fundamental a participa\u00e7\u00e3o das entidades de radiodifus\u00e3o, leg\u00edtimas representantes do setor\u201d, informou.<\/p>\n<p style=\"text-align: justify;\">As<strong><a href=\"https:\/\/tudoradio.com\/noticias\/ver\/25718-acaert-aerp-e-amirt-apresentam-projeto-piloto-ao-governo-federal-para-aumentar-o-numero-de-radios-contempladas-nos-planos-de-midia\">\u00a0associa\u00e7\u00f5es de radiodifus\u00e3o de Santa Catarina, Paran\u00e1 e Minas Gerais apresentaram propostas<\/a><\/strong>\u00a0que ajudar\u00e3o o esfor\u00e7o da Secom para oferecer um servi\u00e7o mais efetivo, em visita realizada no come\u00e7o de julho em Bras\u00edlia. Antes de sua participa\u00e7\u00e3o, Andr\u00e9 Costa veiculou uma mensagem em \u00e1udio do presidente da Rep\u00fablica, Jair Bolsonaro, que lembrou o papel do r\u00e1dio para o futuro do Brasil. \u201cAproveitem esse momento importante para o pa\u00eds\u201d, disse.<\/p>\n<p style=\"text-align: justify;\">Na reuni\u00e3o, tamb\u00e9m foi divulgado que a Secom vai revisar as tabelas de m\u00eddia das emissoras, que n\u00e3o s\u00e3o atualizadas h\u00e1 dois anos. \u201cMais do que isso vamos tamb\u00e9m melhorar nosso sistema de m\u00e9tricas\u201d, informou o Secret\u00e1rio de Publicidade e Promo\u00e7\u00e3o, Jos\u00e9 Ricardo da Veiga. \u201cVamos refor\u00e7ar o grupo de m\u00eddia da Secom\u201d, completou<\/p>\n<figure style=\"width: 450px\" class=\"wp-caption aligncenter\"><img fetchpriority=\"high\" decoding=\"async\" src=\"https:\/\/tudoradio.com\/img\/uploads\/noticias\/60f9c57116c8a.jpeg\" alt=\"\" width=\"450\" height=\"359\" \/><figcaption class=\"wp-caption-text\">Registro da reuni\u00e3o dia 22 \/ Cr\u00e9dito: ACAERT<\/figcaption><\/figure>\n<p style=\"text-align: justify;\" data-fetch=\"true\">\n<p style=\"text-align: justify;\">A gerente de M\u00eddia da Secom, Carla Bertin, apresentou o processo de simplifica\u00e7\u00e3o do Midiacad, cadastro de ve\u00edculos de divulga\u00e7\u00e3o da Secom e que se constitui em um conjunto formal de dados cadastrais, comerciais e negociais de ve\u00edculos dos diversos meios de divulga\u00e7\u00e3o utilizados nas a\u00e7\u00f5es de publicidade do Poder Executivo federal. Atualmente, existem mais de 12 mil ve\u00edculos cadastrados, mas sendo apenas 2.317 r\u00e1dios com status \u201cconforme\u201d, ou seja, que preenchem os requisitos para receber o investimento de m\u00eddia.<\/p>\n<p style=\"text-align: justify;\">\u201cAgrade\u00e7o a radiodifus\u00e3o de Santa Catarina que entende o seu papel de participa\u00e7\u00e3o e envolvimento. Tenho orgulho da entidade em poder, pela sua qualifica\u00e7\u00e3o e expertise adquirida ao longo dos anos com trabalho realizado junto ao Governo do Estado, ser exemplo para o Brasil, contribuindo com o Governo Federal nessa a\u00e7\u00e3o de valoriza\u00e7\u00e3o da radiodifus\u00e3o brasileira\u201d, destacou o presidente da ACAERT, Silvano Silva.<\/p>\n<p style=\"text-align: justify;\">\n<p style=\"text-align: justify;\">Fonte: Tudor\u00e1dio<\/p>\n","protected":false},"excerpt":{"rendered":"<p>A Secretaria de Comunica\u00e7\u00e3o Social da Presid\u00eancia da Rep\u00fablica (Secom)&hellip;<\/p>\n<p> <a class=\"more-link\" href=\"https:\/\/sertsc.org.br\/site\/secom-do-governo-federal-apresenta-proposta-de-simplificacao-do-midiacad-e-destaca-parceria-com-entidades-de-radiodifusao\/\">Leia mais<\/a><\/p>\n","protected":false},"author":1,"featured_media":15208,"comment_status":"open","ping_status":"open","sticky":false,"template":"","format":"standard","meta":{"footnotes":""},"categories":[33,3],"tags":[],"class_list":{"0":"post-15984","1":"post","2":"type-post","3":"status-publish","4":"format-standard","5":"has-post-thumbnail","7":"category-destaques","8":"category-noticias"},"_links":{"self":[{"href":"https:\/\/sertsc.org.br\/site\/wp-json\/wp\/v2\/posts\/15984","targetHints":{"allow":["GET"]}}],"collection":[{"href":"https:\/\/sertsc.org.br\/site\/wp-json\/wp\/v2\/posts"}],"about":[{"href":"https:\/\/sertsc.org.br\/site\/wp-json\/wp\/v2\/types\/post"}],"author":[{"embeddable":true,"href":"https:\/\/sertsc.org.br\/site\/wp-json\/wp\/v2\/users\/1"}],"replies":[{"embeddable":true,"href":"https:\/\/sertsc.org.br\/site\/wp-json\/wp\/v2\/comments?post=15984"}],"version-history":[{"count":0,"href":"https:\/\/sertsc.org.br\/site\/wp-json\/wp\/v2\/posts\/15984\/revisions"}],"wp:featuredmedia":[{"embeddable":true,"href":"https:\/\/sertsc.org.br\/site\/wp-json\/"}],"wp:attachment":[{"href":"https:\/\/sertsc.org.br\/site\/wp-json\/wp\/v2\/media?parent=15984"}],"wp:term":[{"taxonomy":"category","embeddable":true,"href":"https:\/\/sertsc.org.br\/site\/wp-json\/wp\/v2\/categories?post=15984"},{"taxonomy":"post_tag","embeddable":true,"href":"https:\/\/sertsc.org.br\/site\/wp-json\/wp\/v2\/tags?post=15984"}],"curies":[{"name":"wp","href":"https:\/\/api.w.org\/{rel}","templated":true}]}}