{"id":15975,"date":"2021-07-22T08:38:55","date_gmt":"2021-07-22T11:38:55","guid":{"rendered":"https:\/\/www.sertsc.org.br\/site\/?p=15975"},"modified":"2021-07-22T08:38:55","modified_gmt":"2021-07-22T11:38:55","slug":"mcom-faz-mais-uma-chamada-de-adesao-ao-programa-digitaliza-brasil","status":"publish","type":"post","link":"https:\/\/sertsc.org.br\/site\/mcom-faz-mais-uma-chamada-de-adesao-ao-programa-digitaliza-brasil\/","title":{"rendered":"MCom faz mais uma chamada de ades\u00e3o ao programa Digitaliza Brasil"},"content":{"rendered":"<p style=\"text-align: justify;\">Come\u00e7ou na ter\u00e7a-feira, 20, o prazo do novo edital convocando as \u00faltimas cidades dos estados do Cear\u00e1, Piau\u00ed e Rio Grande do Norte para aderirem ao programa Digitaliza Brasil, do Minist\u00e9rio das Comunica\u00e7\u00f5es (MCom). O programa prev\u00ea a instala\u00e7\u00e3o de infraestrutura de TV digital para os canais administradores pelas prefeituras dos munic\u00edpios.<\/p>\n<p style=\"text-align: justify;\"><a href=\"https:\/\/teletime.com.br\/14\/07\/2021\/mcom-convoca-mais-cidades-do-ce-pi-e-rn-para-adesao-ao-programa-digitaliza-brasil\/\" target=\"_blank\" rel=\"noreferrer noopener follow\" data-wpel-link=\"internal\">As prefeituras que mostrarem interesse pela mudan\u00e7a poder\u00e3o trocar todas as antenas anal\u00f3gicas por digitais, sem qualquer custo<\/a>. O prazo para manifestar interesse na ades\u00e3o ao Digitaliza Brasil encerra no dia 20 de agosto. Quem for qualificado vai receber os equipamentos de transmiss\u00e3o, com toda a instala\u00e7\u00e3o inclu\u00edda.<\/p>\n<p style=\"text-align: justify;\">A chamada \u00e9 direcionada a quatro cidades cearenses, cinco do Piau\u00ed e 15 do Rio Grande do Norte.\u00a0<a href=\"https:\/\/telaviva.com.br\/05\/07\/2021\/40-prefeituras-dos-estados-do-ce-pi-e-rn-ja-aderiram-ao-programa-digitaliza-brasil\/\" target=\"_blank\" rel=\"noreferrer noopener follow\" data-wpel-link=\"internal\">Ap\u00f3s conclu\u00edrem a ades\u00e3o e serem qualificadas, as prefeituras v\u00e3o receber toda a infraestrutura destinada \u00e0 digitaliza\u00e7\u00e3o das esta\u00e7\u00f5es anal\u00f3gicas em opera\u00e7\u00e3o<\/a>. Adicionalmente, adquirem a instala\u00e7\u00e3o de mais dois canais \u2014 um para a transmiss\u00e3o de conte\u00fados da Empresa Brasil de Comunica\u00e7\u00e3o (EBC) e outro com as transmiss\u00f5es da C\u00e2mara dos Deputados e Assembleia Legislativa local.<\/p>\n<div class=\"related-post grid\">\n<div class=\"td-post-content tagdiv-type\" style=\"text-align: justify;\">\n<p>Em outra frente, o Digitaliza Brasil vai distribuir kits de convers\u00e3o do sinal anal\u00f3gico para o digital \u00e0s fam\u00edlias de baixa renda, integrantes do Cadastro \u00danico (inclusive as benefici\u00e1rias do programa Bolsa Fam\u00edlia), que atenderem aos crit\u00e9rios estabelecidos. O formul\u00e1rio de ades\u00e3o \u00e9 simplificado e est\u00e1 dispon\u00edvel\u00a0<a href=\"https:\/\/www.gov.br\/mcom\/pt-br\/acesso-a-informacao\/acoes-e-programas\/digitaliza-brasil-1\" target=\"_blank\" rel=\"noreferrer noopener nofollow external\" data-wpel-link=\"external\">aqui<\/a>.<\/p>\n<p><a href=\"https:\/\/telaviva.com.br\/04\/05\/2021\/ministerio-batiza-de-digitaliza-brasil-segunda-fase-do-projeto-da-tv-digital\/\" target=\"_blank\" rel=\"noreferrer noopener follow\" data-wpel-link=\"internal\">Segundo o MCom, a proposta \u00e9 levar o sinal de TV digital a todo o pa\u00eds<\/a>. A meta at\u00e9 o final de 2022 \u00e9 entregar e instalar os equipamentos para transmiss\u00e3o digital em 1.638 munic\u00edpios brasileiros que hoje possuem apenas o sinal anal\u00f3gico. A a\u00e7\u00e3o do MCom deve beneficiar 23 milh\u00f5es de pessoas. A conclus\u00e3o da digitaliza\u00e7\u00e3o do sinal de TV, em todo o Brasil, deve ocorrer at\u00e9 2023.<\/p>\n<\/div>\n<p style=\"text-align: justify;\">Fonte: TelaViva<\/p>\n<\/div>\n","protected":false},"excerpt":{"rendered":"<p>Come\u00e7ou na ter\u00e7a-feira, 20, o prazo do novo edital convocando&hellip;<\/p>\n<p> <a class=\"more-link\" href=\"https:\/\/sertsc.org.br\/site\/mcom-faz-mais-uma-chamada-de-adesao-ao-programa-digitaliza-brasil\/\">Leia mais<\/a><\/p>\n","protected":false},"author":1,"featured_media":15976,"comment_status":"open","ping_status":"open","sticky":false,"template":"","format":"standard","meta":{"footnotes":""},"categories":[33,3],"tags":[],"class_list":{"0":"post-15975","1":"post","2":"type-post","3":"status-publish","4":"format-standard","5":"has-post-thumbnail","7":"category-destaques","8":"category-noticias"},"_links":{"self":[{"href":"https:\/\/sertsc.org.br\/site\/wp-json\/wp\/v2\/posts\/15975","targetHints":{"allow":["GET"]}}],"collection":[{"href":"https:\/\/sertsc.org.br\/site\/wp-json\/wp\/v2\/posts"}],"about":[{"href":"https:\/\/sertsc.org.br\/site\/wp-json\/wp\/v2\/types\/post"}],"author":[{"embeddable":true,"href":"https:\/\/sertsc.org.br\/site\/wp-json\/wp\/v2\/users\/1"}],"replies":[{"embeddable":true,"href":"https:\/\/sertsc.org.br\/site\/wp-json\/wp\/v2\/comments?post=15975"}],"version-history":[{"count":0,"href":"https:\/\/sertsc.org.br\/site\/wp-json\/wp\/v2\/posts\/15975\/revisions"}],"wp:featuredmedia":[{"embeddable":true,"href":"https:\/\/sertsc.org.br\/site\/wp-json\/"}],"wp:attachment":[{"href":"https:\/\/sertsc.org.br\/site\/wp-json\/wp\/v2\/media?parent=15975"}],"wp:term":[{"taxonomy":"category","embeddable":true,"href":"https:\/\/sertsc.org.br\/site\/wp-json\/wp\/v2\/categories?post=15975"},{"taxonomy":"post_tag","embeddable":true,"href":"https:\/\/sertsc.org.br\/site\/wp-json\/wp\/v2\/tags?post=15975"}],"curies":[{"name":"wp","href":"https:\/\/api.w.org\/{rel}","templated":true}]}}