{"id":15967,"date":"2021-07-21T10:56:24","date_gmt":"2021-07-21T13:56:24","guid":{"rendered":"https:\/\/www.sertsc.org.br\/site\/?p=15967"},"modified":"2021-07-21T10:56:24","modified_gmt":"2021-07-21T13:56:24","slug":"marcas-de-emissoras-de-radio-forca-e-longevidade","status":"publish","type":"post","link":"https:\/\/sertsc.org.br\/site\/marcas-de-emissoras-de-radio-forca-e-longevidade\/","title":{"rendered":"Marcas de emissoras de r\u00e1dio: for\u00e7a e longevidade"},"content":{"rendered":"<p style=\"text-align: justify;\">Quando se estuda a possibilidade de investimento em algum neg\u00f3cio, tempo de exist\u00eancia \u00e9 um dos primeiros dados que se observa. Por tr\u00e1s desse n\u00famero, h\u00e1 o conhecimento acumulado pela empresa ao longo dos anos e a sua capacidade de gerar resultados em distintos contextos hist\u00f3ricos.<\/p>\n<p style=\"text-align: justify;\">J\u00e1 escrevi diversas vezes sobre a resili\u00eancia do r\u00e1dio, que completou 102 anos de Brasil no dia 6 de abril de 2021. Essa resili\u00eancia \u00e9 fruto, dentre outros fatores, da for\u00e7a das esta\u00e7\u00f5es e, sobretudo, das suas marcas.<\/p>\n<p style=\"text-align: justify;\" data-fetch=\"true\">Mais que o s\u00edmbolo gr\u00e1fico e o nome de uma determinada emissora, marca \u00e9 o conjunto de promessas e percep\u00e7\u00f5es atrelado a esses elementos. Trata-se, ent\u00e3o, da s\u00edntese de tudo o que a r\u00e1dio \u00e9 e faz: dos programas \u00e0s promo\u00e7\u00f5es, passando pelos perfis nas redes sociais e projetos especiais. Por isso, gest\u00e3o de marca precisa ser encarada como prioridade pelos radiodifusores, independentemente do formato de programa\u00e7\u00e3o que adotem ou do tamanho do mercado onde atuem.<\/p>\n<p style=\"text-align: justify;\" data-fetch=\"true\">Em tempos de infodemia, as marcas das emissoras ajudam o p\u00fablico a escolherem o que escutar\u00e3o e em quem confiar\u00e3o. Por exemplo: se um inc\u00eandio de grandes propor\u00e7\u00f5es ocorre na cidade, logo surgir\u00e1 na mente do ouvinte a marca de alguma r\u00e1dio que valorize not\u00edcias locais. O mesmo ocorre com o segmento musical: existem marcas que s\u00e3o refer\u00eancia para quem busca forr\u00f3, pagode, rock, sertanejo etc.<\/p>\n<p style=\"text-align: justify;\">Refer\u00eancia. Assumir essa posi\u00e7\u00e3o \u00e9 algo que leva tempo. No momento em que a marca da r\u00e1dio alcan\u00e7a esse patamar, ela ganha uma esp\u00e9cie de coura\u00e7a que a torna mais protegida das intemp\u00e9ries que o setor de m\u00eddia possa sofrer. N\u00e3o \u00e9 por acaso que as r\u00e1dios l\u00edderes de audi\u00eancia costumam ter marcas longevas, como \u00e9 poss\u00edvel observar nas listas abaixo. Elas consideram as cinco emissoras em FM mais ouvidas nas tr\u00eas regi\u00f5es metropolitanas brasileiras com maiores popula\u00e7\u00f5es. Cumpre acentuar que as marcas foram ordenadas por idade. No caso de empate, adotou-se a ordem alfab\u00e9tica.<\/p>\n<p style=\"text-align: justify;\"><strong>Grande Belo Horizonte:\u00a0<\/strong><br \/>\n<em>Itatiaia &#8211; 69 anos<br \/>\nAlvorada &#8211; 43 anos<br \/>\nBHFM &#8211; 43 anos<br \/>\nLiberdade &#8211; 39 anos<br \/>\nJovem Pan Belo Horizonte &#8211; 26 anos<\/em><\/p>\n<p style=\"text-align: justify;\"><strong>Grande Rio De Janeiro:\u00a0<\/strong><br \/>\n<em>Tupi &#8211; 85 anos<br \/>\nJBFM &#8211; 48 anos<br \/>\nMelodia &#8211; 34 anos<br \/>\n93 FM &#8211; 29 anos<br \/>\nFM O Dia &#8211; 23 anos<\/em><\/p>\n<p style=\"text-align: justify;\" data-fetch=\"true\"><strong>Grande S\u00e3o Paulo:<\/strong><br \/>\n<em>Band FM &#8211; 46 anos<br \/>\nJovem Pan FM &#8211; 45 anos<br \/>\nTranscontinental &#8211; 39 anos<br \/>\nAlpha FM &#8211; 33 anos<br \/>\nNativa &#8211; 24 anos<\/em><\/p>\n<p style=\"text-align: justify;\">Nesse conjunto, a m\u00e9dia geral de idade \u00e9 de 42 anos e as r\u00e1dios mais jovens existem h\u00e1 cerca de um quarto de s\u00e9culo. Fica comprovado, portanto, que marcas fortes t\u00eam maiores chances de resistir ao tempo. Outra li\u00e7\u00e3o importante a ser tirada desses dados: quando bem trabalhadas, marcas de ve\u00edculos ganham for\u00e7a para se estenderem a novos mercados. Foi que fizeram, por exemplo, o Jornal do Brasil com a R\u00e1dio Jornal do Brasil FM Stereo (hoje JBFM), a Bandeirantes AM com a Bandeirantes FM (atual Band FM) e a Jovem Pan AM (outrora Panamericana) com a Jovem Pan FM.<\/p>\n<p style=\"text-align: justify;\">Em resumo: marcas fortes ajudam o p\u00fablico a decidir o que ouvir\u00e3o, protegem a emissora das mudan\u00e7as que o mercado venha a passar e permitem a gera\u00e7\u00e3o de mais neg\u00f3cios, que nascem com maiores possibilidades de sucesso gra\u00e7as \u00e0 reputa\u00e7\u00e3o acumulada ao longo dos anos. Sendo assim, toda emissora, sem exce\u00e7\u00e3o, deve zelar pela sua marca. Ela \u00e9 a s\u00edntese do esfor\u00e7o e do talento de todos em prol de um r\u00e1dio que se seja cada dia melhor.<\/p>\n<p style=\"text-align: justify;\">\n<p style=\"text-align: justify;\">Fonte: Tudor\u00e1dio<\/p>\n","protected":false},"excerpt":{"rendered":"<p>Quando se estuda a possibilidade de investimento em algum neg\u00f3cio,&hellip;<\/p>\n<p> <a class=\"more-link\" href=\"https:\/\/sertsc.org.br\/site\/marcas-de-emissoras-de-radio-forca-e-longevidade\/\">Leia mais<\/a><\/p>\n","protected":false},"author":1,"featured_media":15968,"comment_status":"open","ping_status":"open","sticky":false,"template":"","format":"standard","meta":{"footnotes":""},"categories":[36],"tags":[],"class_list":{"0":"post-15967","1":"post","2":"type-post","3":"status-publish","4":"format-standard","5":"has-post-thumbnail","7":"category-artigos"},"_links":{"self":[{"href":"https:\/\/sertsc.org.br\/site\/wp-json\/wp\/v2\/posts\/15967","targetHints":{"allow":["GET"]}}],"collection":[{"href":"https:\/\/sertsc.org.br\/site\/wp-json\/wp\/v2\/posts"}],"about":[{"href":"https:\/\/sertsc.org.br\/site\/wp-json\/wp\/v2\/types\/post"}],"author":[{"embeddable":true,"href":"https:\/\/sertsc.org.br\/site\/wp-json\/wp\/v2\/users\/1"}],"replies":[{"embeddable":true,"href":"https:\/\/sertsc.org.br\/site\/wp-json\/wp\/v2\/comments?post=15967"}],"version-history":[{"count":0,"href":"https:\/\/sertsc.org.br\/site\/wp-json\/wp\/v2\/posts\/15967\/revisions"}],"wp:featuredmedia":[{"embeddable":true,"href":"https:\/\/sertsc.org.br\/site\/wp-json\/"}],"wp:attachment":[{"href":"https:\/\/sertsc.org.br\/site\/wp-json\/wp\/v2\/media?parent=15967"}],"wp:term":[{"taxonomy":"category","embeddable":true,"href":"https:\/\/sertsc.org.br\/site\/wp-json\/wp\/v2\/categories?post=15967"},{"taxonomy":"post_tag","embeddable":true,"href":"https:\/\/sertsc.org.br\/site\/wp-json\/wp\/v2\/tags?post=15967"}],"curies":[{"name":"wp","href":"https:\/\/api.w.org\/{rel}","templated":true}]}}