{"id":15959,"date":"2021-07-21T08:35:12","date_gmt":"2021-07-21T11:35:12","guid":{"rendered":"https:\/\/www.sertsc.org.br\/site\/?p=15959"},"modified":"2021-07-21T08:35:12","modified_gmt":"2021-07-21T11:35:12","slug":"mais-de-16-mil-radios-am-optaram-pela-migracao-para-fm","status":"publish","type":"post","link":"https:\/\/sertsc.org.br\/site\/mais-de-16-mil-radios-am-optaram-pela-migracao-para-fm\/","title":{"rendered":"Mais de 1,6 mil r\u00e1dios AM optaram pela migra\u00e7\u00e3o para FM"},"content":{"rendered":"<p class=\"uk-article-title uk-margin-bottom-remove \" style=\"text-align: justify;\">Durante evento promovido pelo SET eXPerience TRACKS sobre o uso da faixa estendida de FM (eFM), no \u00faltimo dia 7, a especialista em regula\u00e7\u00e3o da Ag\u00eancia Nacional de Telecomunica\u00e7\u00f5es (Anatel), Vanessa Monteiro, apresentou os n\u00fameros atuais do processo de migra\u00e7\u00e3o das r\u00e1dios AM para FM.<\/p>\n<div class=\"tm-article-content\">\n<p style=\"text-align: justify;\">\u201cAt\u00e9 o momento, recebemos 1656 pedidos de migra\u00e7\u00e3o, sendo que 1539 canais j\u00e1 foram migrados para FM, 1403 na faixa convencional e 136 na faixa estendida. Para atender a essa demanda, houve necessidade de alterar o regulamento t\u00e9cnico e uma das medidas foi a resolu\u00e7\u00e3o 721\/2020 da Anatel que criou a faixa de FM de 76 at\u00e9 108 MHz\u201d, destacou.<\/p>\n<p style=\"text-align: justify;\">O diretor de Departamento de Outorga e P\u00f3s-outorga do Minist\u00e9rio das Comunica\u00e7\u00f5es (Mcom), William Zambelli, destacou as diferen\u00e7as de atua\u00e7\u00e3o do Mcom e da Anatel. \u201cBasicamente, enquanto a Anatel faz a administra\u00e7\u00e3o do espectro e fiscaliza\u00e7\u00e3o t\u00e9cnica, o Minist\u00e9rio cuida das pol\u00edticas p\u00fablicas e faz as outorgas\u201d, afirmou.<\/p>\n<p style=\"text-align: justify;\">Na segunda parte do evento, os radiodifusores Marcello Ces\u00e1rio (R\u00e1dio Capital) e Jos\u00e9 Maria Martins (TV Cultura) contaram como foi a realiza\u00e7\u00e3o do processo de migra\u00e7\u00e3o nas empresas em que trabalham e o impacto na audi\u00eancia e conte\u00fado.<\/p>\n<p style=\"text-align: justify;\">De acordo com Ces\u00e1rio, \u00e9 preciso ser mais atuante no processo de migra\u00e7\u00e3o e consolida\u00e7\u00e3o da faixa. \u201cO radiodifusor tem o microfone na m\u00e3o, tem a audi\u00eancia na m\u00e3o e tem que catequizar o ouvinte e o mercado anunciante de que o FM \u00e9 2.0.\u201d<\/p>\n<p style=\"text-align: justify;\">J\u00e1 o radiodifusor Jos\u00e9 Maria Martins falou sobre as avalia\u00e7\u00f5es de campo feitas na emissora, utilizando ve\u00edculo com r\u00e1dio original na banda estendida. \u201cO desempenho \u00e9 muito bom dentro de um contorno m\u00e9dio de at\u00e9 35 Km. Dentro da cidade de S\u00e3o Paulo, observamos algumas obstru\u00e7\u00f5es de solo, como t\u00faneis, que acabam cortando o sinal\u201d, concluiu Martins.<\/p>\n<p style=\"text-align: justify;\">A modera\u00e7\u00e3o dos pain\u00e9is ficou a cargo do Conselheiro da SET, Eduardo Cappia. \u201cN\u00e3o se fala mais em FM estendido, agora \u00e9 a vers\u00e3o 2.0. Uma ideia abrangente, pois o FM hoje \u00e9 76 MHz at\u00e9 108 MHz\u201d, afirmou.<\/p>\n<p style=\"text-align: justify;\"><em>Com informa\u00e7\u00f5es da SET<\/em><\/p>\n<div style=\"text-align: justify;\">Fonte: ABERT<\/div>\n<\/div>\n","protected":false},"excerpt":{"rendered":"<p>Durante evento promovido pelo SET eXPerience TRACKS sobre o uso&hellip;<\/p>\n<p> <a class=\"more-link\" href=\"https:\/\/sertsc.org.br\/site\/mais-de-16-mil-radios-am-optaram-pela-migracao-para-fm\/\">Leia mais<\/a><\/p>\n","protected":false},"author":1,"featured_media":15960,"comment_status":"open","ping_status":"open","sticky":false,"template":"","format":"standard","meta":{"footnotes":""},"categories":[33,3],"tags":[],"class_list":{"0":"post-15959","1":"post","2":"type-post","3":"status-publish","4":"format-standard","5":"has-post-thumbnail","7":"category-destaques","8":"category-noticias"},"_links":{"self":[{"href":"https:\/\/sertsc.org.br\/site\/wp-json\/wp\/v2\/posts\/15959","targetHints":{"allow":["GET"]}}],"collection":[{"href":"https:\/\/sertsc.org.br\/site\/wp-json\/wp\/v2\/posts"}],"about":[{"href":"https:\/\/sertsc.org.br\/site\/wp-json\/wp\/v2\/types\/post"}],"author":[{"embeddable":true,"href":"https:\/\/sertsc.org.br\/site\/wp-json\/wp\/v2\/users\/1"}],"replies":[{"embeddable":true,"href":"https:\/\/sertsc.org.br\/site\/wp-json\/wp\/v2\/comments?post=15959"}],"version-history":[{"count":0,"href":"https:\/\/sertsc.org.br\/site\/wp-json\/wp\/v2\/posts\/15959\/revisions"}],"wp:featuredmedia":[{"embeddable":true,"href":"https:\/\/sertsc.org.br\/site\/wp-json\/"}],"wp:attachment":[{"href":"https:\/\/sertsc.org.br\/site\/wp-json\/wp\/v2\/media?parent=15959"}],"wp:term":[{"taxonomy":"category","embeddable":true,"href":"https:\/\/sertsc.org.br\/site\/wp-json\/wp\/v2\/categories?post=15959"},{"taxonomy":"post_tag","embeddable":true,"href":"https:\/\/sertsc.org.br\/site\/wp-json\/wp\/v2\/tags?post=15959"}],"curies":[{"name":"wp","href":"https:\/\/api.w.org\/{rel}","templated":true}]}}