{"id":15956,"date":"2021-07-21T08:28:46","date_gmt":"2021-07-21T11:28:46","guid":{"rendered":"https:\/\/www.sertsc.org.br\/site\/?p=15956"},"modified":"2021-07-21T08:28:46","modified_gmt":"2021-07-21T11:28:46","slug":"sem-contar-com-efms-migracao-am-fm-se-aproxima-de-800-radios-mapeadas-pelo-dials-tudoradio-com","status":"publish","type":"post","link":"https:\/\/sertsc.org.br\/site\/sem-contar-com-efms-migracao-am-fm-se-aproxima-de-800-radios-mapeadas-pelo-dials-tudoradio-com\/","title":{"rendered":"Sem contar com eFMs, migra\u00e7\u00e3o AM-FM se aproxima de 800 r\u00e1dios mapeadas pelo Dials tudoradio.com"},"content":{"rendered":"<p style=\"text-align: justify;\">O Brasil se aproxima da marca de 800 migrantes da faixa AM que possuem sua cobertura em FM j\u00e1 mapeada pelo tudoradio.com. At\u00e9 o fechamento desta mat\u00e9ria, finalizada na madrugada desta quarta-feira (21), eram 790 migrantes AM-FM ativas no dial FM. E o levantamento n\u00e3o considera as emissoras eFM (em FM estendido) que est\u00e3o operando em car\u00e1ter cient\u00edfico, esta\u00e7\u00f5es que tamb\u00e9m foram registradas pelo guia<strong><a href=\"https:\/\/tudoradio.com\/dials\">\u00a0Dials AM\/FM do tudoradio.com<\/a><\/strong>. O assunto migra\u00e7\u00e3o das AMs ter\u00e1 mais um balan\u00e7o nesta quarta-feira, em edi\u00e7\u00e3o especial do AESP Talks (a partir das 11h00).<\/p>\n<p style=\"text-align: justify;\">O Paran\u00e1 continua como o estado que conta com o maior n\u00famero de migrantes AM-FM mapeadas, totalizando 102 esta\u00e7\u00f5es j\u00e1 ativas em FM. A lista foi ampliada neste final de semana com o in\u00edcio das opera\u00e7\u00f5es da R\u00e1dio Esperan\u00e7a FM 104.3 de Prudent\u00f3polis, na regi\u00e3o conhecida como Campos Gerais. Com a abertura da faixa convencional (88.1 FM a 107.9 FM) para grandes centros como Londrina, Maring\u00e1, Cascavel e Ponta Grossa, a migra\u00e7\u00e3o AM-FM foi impulsionada no estado. Esse processo ocorreu antes da nova libera\u00e7\u00e3o do FM convencional em outros estados, devido a viabilidade t\u00e9cnica e os acordos entre os migrantes.<\/p>\n<p style=\"text-align: justify;\">Quem tamb\u00e9m chega pr\u00f3ximo da marca centen\u00e1ria \u00e9 o estado de S\u00e3o Paulo, com 93 emissoras originadas na faixa AM e que foram mapeadas no dial FM. Esse n\u00famero dever\u00e1 ser ampliado de forma consider\u00e1vel a partir desse segundo semestre de 2021,<strong><a href=\"https:\/\/tudoradio.com\/noticias\/ver\/25715-anatel-publica-canais-para-migracao-am-fm-das-regioes-de-campinas-ribeirao-preto-sao-jose-dos-campos-sorocaba-e-piracicaba\">\u00a0com a confirma\u00e7\u00e3o de mais canais em FM convencional para o interior paulista e tamb\u00e9m com a canaliza\u00e7\u00e3o da faixa estendida<\/a><\/strong>\u00a0em grandes centros, como S\u00e3o Paulo, Campinas, S\u00e3o Jos\u00e9 dos Campos, Ribeir\u00e3o Preto, Sorocaba, entre outros.<\/p>\n<p style=\"text-align: justify;\">Minas Gerais (91 esta\u00e7\u00f5es mapeadas) tamb\u00e9m est\u00e1 pr\u00f3ximo da marca centen\u00e1ria, enquanto outros estados com menos esta\u00e7\u00f5es est\u00e3o com a migra\u00e7\u00e3o AM-FM avan\u00e7ando. Bahia (42), Cear\u00e1 (40), Mato Grosso (42), Mato Grosso do Sul (40), Rio Grande do Sul (69) e Santa Catarina (66) tamb\u00e9m contam com n\u00fameros expressivos, superando a casa das 40 migrantes mapeadas por estado.<\/p>\n<p style=\"text-align: justify;\">Os n\u00fameros variam entre estados devido a v\u00e1rios fatores: n\u00famero de esta\u00e7\u00f5es aptas a migrar para o FM, avan\u00e7o e disponibilidade da canaliza\u00e7\u00e3o no dial FM (entre FM convencional e FM estendido), tamanho dos mercados, entre outros pontos que devem ser considerados.\u00a0<strong><a href=\"https:\/\/tudoradio.com\/conteudo\/ver\/45-o-radio-migracao-das-ams-levantamento-no-fm\">A lista completa pode ser conferida aqui.<\/a><\/strong><\/p>\n<p style=\"text-align: justify;\"><strong>E as eFM ativas?<\/strong><\/p>\n<p style=\"text-align: justify;\" data-fetch=\"true\">Desde maio\u00a0<strong><a href=\"https:\/\/tudoradio.com\/noticias\/ver\/25362-migracao-am-fm-em-faixa-estendida-de-fm-e-iniciada-hoje-em-sp-rj-df-mg-pe-e-rs\">s\u00e3o 10 eFM ativas no dial brasileiro<\/a><\/strong>, entre emissoras migrantes da faixa AM e tamb\u00e9m esta\u00e7\u00f5es p\u00fablicas que n\u00e3o necessariamente estavam em ondas m\u00e9dias (caso da R\u00e1dio Nacional em S\u00e3o Paulo, Recife e Belo Horizonte). Como essas transmiss\u00f5es ocorrem em car\u00e1ter cient\u00edfico, as emissoras n\u00e3o foram listadas no levantamento geral, mas est\u00e3o mapeadas pelo Dials AM\/FM do\u00a0<strong>tudoradio.com<\/strong>. De qualquer forma, assim que ocorrer a instala\u00e7\u00e3o do porte t\u00e9cnico definitivo, essas esta\u00e7\u00f5es ampliar\u00e3o o n\u00famero de migrantes AM-FM registrado pelo levantamento.<\/p>\n<p style=\"text-align: justify;\">Vale recordar as transmiss\u00f5es ativas em eFM at\u00e9 o momento:<\/p>\n<p style=\"text-align: justify;\"><em>R\u00e1dio Capital FM 77.5 &#8211; S\u00e3o Paulo<br \/>\nR\u00e1dio Cultura Brasil FM 77.9 &#8211; S\u00e3o Paulo<br \/>\nR\u00e1dio Jornal FM 76.1 &#8211; Recife<br \/>\nR\u00e1dio Liberdade FM 83.3 &#8211; Porto Alegre<br \/>\nR\u00e1dio Nacional FM 87.1 &#8211; S\u00e3o Paulo<br \/>\nR\u00e1dio Nacional FM 87.1 &#8211; Recife<br \/>\nR\u00e1dio Nacional FM 87.1 &#8211; Rio de Janeiro<br \/>\nR\u00e1dio Nacional FM 87.1 &#8211; Belo Horizonte<br \/>\nR\u00e1dio MEC FM 87.1 &#8211; Bras\u00edlia<br \/>\nR\u00e1dio Banda B FM 79.1 &#8211; Curitiba\u00a0<\/em><\/p>\n<p style=\"text-align: justify;\"><strong>FM 2.0. Um balan\u00e7o da migra\u00e7\u00e3o AM-FM e a amplia\u00e7\u00e3o do dial<\/strong><\/p>\n<p style=\"text-align: justify;\">Hoje (21) a Associa\u00e7\u00e3o das Emissoras de R\u00e1dio e Televis\u00e3o do Estado S\u00e3o Paulo (AESP) vai realizar o 3\u00ba Encontro Virtual do Comit\u00ea T\u00e9cnico de 2021. O evento, que ter\u00e1 transmiss\u00e3o pelas redes sociais da entidade a partir das 11h, e vai ter como tema o\u00a0<strong><a href=\"https:\/\/tudoradio.com\/noticias\/ver\/25707-com-destaque-para-o-fm-20-migracao-am-fm-e-tema-do-set-experience-tracks\">Uso da Faixa Estendida FM, chamado agora como FM 2.0.<\/a><\/strong><\/p>\n<p style=\"text-align: justify;\">Est\u00e3o confirmados como convidados Fl\u00e1vio Lara Resende \u2013 Presidente ABERT; Andr\u00e9 Cintra \u2013 Diretor de R\u00e1dio da ABERT; Andr\u00e9 Canassa -Banda B Curitiba (PR); Jair Ventura &#8211; Jornal do Commercio Recife (PE); Marcello Ces\u00e1rio &#8211; R\u00e1dio Capital (SP); e Jos\u00e9 Mauro \u00c1vila \u2013 Vice-l\u00edder Comit\u00ea AESP. A transmiss\u00e3o do evento ser\u00e1 pelo perfil oficial da\u00a0<strong><a href=\"http:\/\/aesp.org.br\/facebooklive\">AESP no Faceboo<\/a><\/strong>k e\u00a0<strong><a href=\"http:\/\/aesp.org.br\/youtubelive\" target=\"_blank\" rel=\"noopener noreferrer\">no YouTube<\/a><\/strong>.<\/p>\n<p style=\"text-align: justify;\">\n<p style=\"text-align: justify;\"><img decoding=\"async\" class=\"aligncenter\" src=\"https:\/\/tudoradio.com\/img\/uploads\/noticias\/60f79f52de9a9.jpeg\" alt=\"\" \/><\/p>\n<p style=\"text-align: justify;\">\n<p style=\"text-align: justify;\">\n<p style=\"text-align: justify;\"><strong>O levantamento do tudoradio.com<\/strong><\/p>\n<p style=\"text-align: justify;\">O n\u00famero \u00e9 relacionado ao levantamento feito pelo\u00a0<strong>tudoradio.com<\/strong>\u00a0nos dials AM\/FM no portal, ou seja, s\u00e3o 790 migrantes AM-FM que tem a sua cobertura em FM j\u00e1 mapeada pela equipe do portal (at\u00e9 o fechamento desta mat\u00e9ria).<\/p>\n<p style=\"text-align: justify;\">O<strong><a href=\"https:\/\/tudoradio.com\/conteudo\/ver\/45-o-radio-migracao-das-ams-levantamento-no-fm\">\u00a0levantamento completo (inclusive o n\u00famero de migrantes por estado) pode ser acompanhado aqui<\/a><\/strong>. A atualiza\u00e7\u00e3o \u00e9 di\u00e1ria.<\/p>\n<p style=\"text-align: justify;\">\n<p style=\"text-align: justify;\">Fonte: Tudor\u00e1dio<\/p>\n","protected":false},"excerpt":{"rendered":"<p>O Brasil se aproxima da marca de 800 migrantes da&hellip;<\/p>\n<p> <a class=\"more-link\" href=\"https:\/\/sertsc.org.br\/site\/sem-contar-com-efms-migracao-am-fm-se-aproxima-de-800-radios-mapeadas-pelo-dials-tudoradio-com\/\">Leia mais<\/a><\/p>\n","protected":false},"author":1,"featured_media":15957,"comment_status":"open","ping_status":"open","sticky":false,"template":"","format":"standard","meta":{"footnotes":""},"categories":[33,3],"tags":[],"class_list":{"0":"post-15956","1":"post","2":"type-post","3":"status-publish","4":"format-standard","5":"has-post-thumbnail","7":"category-destaques","8":"category-noticias"},"_links":{"self":[{"href":"https:\/\/sertsc.org.br\/site\/wp-json\/wp\/v2\/posts\/15956","targetHints":{"allow":["GET"]}}],"collection":[{"href":"https:\/\/sertsc.org.br\/site\/wp-json\/wp\/v2\/posts"}],"about":[{"href":"https:\/\/sertsc.org.br\/site\/wp-json\/wp\/v2\/types\/post"}],"author":[{"embeddable":true,"href":"https:\/\/sertsc.org.br\/site\/wp-json\/wp\/v2\/users\/1"}],"replies":[{"embeddable":true,"href":"https:\/\/sertsc.org.br\/site\/wp-json\/wp\/v2\/comments?post=15956"}],"version-history":[{"count":0,"href":"https:\/\/sertsc.org.br\/site\/wp-json\/wp\/v2\/posts\/15956\/revisions"}],"wp:featuredmedia":[{"embeddable":true,"href":"https:\/\/sertsc.org.br\/site\/wp-json\/"}],"wp:attachment":[{"href":"https:\/\/sertsc.org.br\/site\/wp-json\/wp\/v2\/media?parent=15956"}],"wp:term":[{"taxonomy":"category","embeddable":true,"href":"https:\/\/sertsc.org.br\/site\/wp-json\/wp\/v2\/categories?post=15956"},{"taxonomy":"post_tag","embeddable":true,"href":"https:\/\/sertsc.org.br\/site\/wp-json\/wp\/v2\/tags?post=15956"}],"curies":[{"name":"wp","href":"https:\/\/api.w.org\/{rel}","templated":true}]}}