{"id":15953,"date":"2021-07-20T14:00:14","date_gmt":"2021-07-20T17:00:14","guid":{"rendered":"https:\/\/www.sertsc.org.br\/site\/?p=15953"},"modified":"2021-07-20T14:00:14","modified_gmt":"2021-07-20T17:00:14","slug":"live-debate-o-uso-de-dados-de-audiencia-e-pesquisas-como-estrategia-para-as-radios","status":"publish","type":"post","link":"https:\/\/sertsc.org.br\/site\/live-debate-o-uso-de-dados-de-audiencia-e-pesquisas-como-estrategia-para-as-radios\/","title":{"rendered":"Live debate o uso de dados de audi\u00eancia e pesquisas como estrat\u00e9gia para as r\u00e1dios"},"content":{"rendered":"<p style=\"text-align: justify;\">Na pr\u00f3xima quarta-feira (21) a Cadena Sistemas realiza mais uma edi\u00e7\u00e3o da sua s\u00e9rie de lives voltadas a abordar o r\u00e1dio. Desta vez, a transmiss\u00e3o ter\u00e1 como tema<em><strong>\u00a0o melhor aproveitamento de dados para a utiliza\u00e7\u00e3o pelas emissoras de r\u00e1dio<\/strong><\/em>, em especial no quesito publicidade e\u00a0<em><strong>estrat\u00e9gias para alcan\u00e7ar e manter a audi\u00eancia.<\/strong><\/em>\u00a0A transmiss\u00e3o ocorre por meio do canal da empresa no YouTube.<\/p>\n<p style=\"text-align: justify;\">Diante do constante surgimento de novos estudos que impactam o meio r\u00e1dio e com tantas informa\u00e7\u00f5es, \u00e9 comum haver d\u00favidas de como aproveitar dados a favor da sua pr\u00f3pria emissora. Com o objetivo de tornar mais f\u00e1cil a compreens\u00e3o de como aproveitar e gerar dados nos diferentes tipos de emissoras, a Cadena Sistemas promove nesta quarta-feira (21), \u00e0s 17h, uma live para abordar o assunto.<\/p>\n<p style=\"text-align: justify;\">Al\u00e9m da Diretora de Vendas da Cadena, Carolina Sasse, e do Head de Marketing, Luiz Fernando Carreir\u00e3o, v\u00e3o participar da conversa o Diretor Propriet\u00e1rio do\u00a0<strong>tudoradio.com<\/strong>, Daniel Starck, e o Coordenador de Programa\u00e7\u00e3o da Mundo Livre FM, Rod Becker.<\/p>\n<p style=\"text-align: justify;\">\n<figure style=\"width: 500px\" class=\"wp-caption aligncenter\"><img fetchpriority=\"high\" decoding=\"async\" src=\"https:\/\/tudoradio.com\/img\/uploads\/noticias\/60f6f45e1298f.png\" alt=\"\" width=\"500\" height=\"281\" \/><figcaption class=\"wp-caption-text\">Arte sobre a realiza\u00e7\u00e3o da Live da Cadena, marcara para esta quarta-feira (21)<\/figcaption><\/figure>\n<p style=\"text-align: justify;\">\n<p style=\"text-align: justify;\" data-fetch=\"true\">No \u00faltimo dia 29 de junho a Cadena, em parceria com o SERT\/SC (Sindicato das Empresas de R\u00e1dio e Televis\u00e3o do Estado de Santa Catarina) levou ao ar mais uma edi\u00e7\u00e3o de suas lives. A transmiss\u00e3o tratou do encerramento das comemora\u00e7\u00f5es dos 40 anos da entidade representativa dos radiodifusores catarinenses. Entre os assuntos abordados estiveram\u00a0<strong><a href=\"https:\/\/tudoradio.com\/noticias\/ver\/25638-live-da-cadena-e-sertsc-tem-ana-paula-melo-luiz-benite-e-cristiano-stuani-como-convidados\">as a\u00e7\u00f5es promocionais para o r\u00e1dio.<\/a><\/strong><\/p>\n<div class=\"pp-box-adunit pp-ad-loading pp-type-intext\">\n<div class=\"pp-adunit\">\n<div class=\"pp-ad\">\n<div style=\"text-align: justify;\" data-premium=\"\" data-adunit=\"TUDO_RADIO_INTEXT_02\" data-sizes-mobile=\"[[336,280],[300,250]]\" data-sizes-desktop=\"[[336,280],[300,250]]\" data-type=\"intext\" data-fetch=\"true\" data-google-query-id=\"CKve-JOP8vECFZIFuQYdXqsKNg\"><\/div>\n<div id=\"P_TUDO_RADIO_INTEXT_02_0\" style=\"text-align: justify;\" data-premium=\"\" data-adunit=\"TUDO_RADIO_INTEXT_02\" data-sizes-mobile=\"[[336,280],[300,250]]\" data-sizes-desktop=\"[[336,280],[300,250]]\" data-type=\"intext\" data-fetch=\"true\" data-google-query-id=\"CKve-JOP8vECFZIFuQYdXqsKNg\">Fonte: Tudor\u00e1dio<\/div>\n<\/div>\n<\/div>\n<\/div>\n","protected":false},"excerpt":{"rendered":"<p>Na pr\u00f3xima quarta-feira (21) a Cadena Sistemas realiza mais uma&hellip;<\/p>\n<p> <a class=\"more-link\" href=\"https:\/\/sertsc.org.br\/site\/live-debate-o-uso-de-dados-de-audiencia-e-pesquisas-como-estrategia-para-as-radios\/\">Leia mais<\/a><\/p>\n","protected":false},"author":1,"featured_media":15954,"comment_status":"open","ping_status":"open","sticky":false,"template":"","format":"standard","meta":{"footnotes":""},"categories":[33,3],"tags":[],"class_list":{"0":"post-15953","1":"post","2":"type-post","3":"status-publish","4":"format-standard","5":"has-post-thumbnail","7":"category-destaques","8":"category-noticias"},"_links":{"self":[{"href":"https:\/\/sertsc.org.br\/site\/wp-json\/wp\/v2\/posts\/15953","targetHints":{"allow":["GET"]}}],"collection":[{"href":"https:\/\/sertsc.org.br\/site\/wp-json\/wp\/v2\/posts"}],"about":[{"href":"https:\/\/sertsc.org.br\/site\/wp-json\/wp\/v2\/types\/post"}],"author":[{"embeddable":true,"href":"https:\/\/sertsc.org.br\/site\/wp-json\/wp\/v2\/users\/1"}],"replies":[{"embeddable":true,"href":"https:\/\/sertsc.org.br\/site\/wp-json\/wp\/v2\/comments?post=15953"}],"version-history":[{"count":0,"href":"https:\/\/sertsc.org.br\/site\/wp-json\/wp\/v2\/posts\/15953\/revisions"}],"wp:featuredmedia":[{"embeddable":true,"href":"https:\/\/sertsc.org.br\/site\/wp-json\/"}],"wp:attachment":[{"href":"https:\/\/sertsc.org.br\/site\/wp-json\/wp\/v2\/media?parent=15953"}],"wp:term":[{"taxonomy":"category","embeddable":true,"href":"https:\/\/sertsc.org.br\/site\/wp-json\/wp\/v2\/categories?post=15953"},{"taxonomy":"post_tag","embeddable":true,"href":"https:\/\/sertsc.org.br\/site\/wp-json\/wp\/v2\/tags?post=15953"}],"curies":[{"name":"wp","href":"https:\/\/api.w.org\/{rel}","templated":true}]}}