{"id":15939,"date":"2021-07-19T09:29:15","date_gmt":"2021-07-19T12:29:15","guid":{"rendered":"https:\/\/www.sertsc.org.br\/site\/?p=15939"},"modified":"2021-07-19T09:29:15","modified_gmt":"2021-07-19T12:29:15","slug":"sert-sc-lanca-webserie-sobre-marketing-de-indicacao-e-potencializacao-da-carteira","status":"publish","type":"post","link":"https:\/\/sertsc.org.br\/site\/sert-sc-lanca-webserie-sobre-marketing-de-indicacao-e-potencializacao-da-carteira\/","title":{"rendered":"SERT\/SC lan\u00e7a webs\u00e9rie sobre Marketing de Indica\u00e7\u00e3o e Potencializa\u00e7\u00e3o da Carteira"},"content":{"rendered":"<p style=\"text-align: justify;\">O SERT\/SC, representante patronal do r\u00e1dio e da TV aberta de Santa Catarina, lan\u00e7a uma <strong>webs\u00e9rie<\/strong> com temas relacionados ao curso de <strong>Marketing de Indica\u00e7\u00e3o e Potencializa\u00e7\u00e3o da Carteira para R\u00e1dio e TV<\/strong>. A inten\u00e7\u00e3o \u00e9 comunicar os benef\u00edcios que essa capacita\u00e7\u00e3o trar\u00e1 aos radiodifusores. Os epis\u00f3dios da webs\u00e9rie ser\u00e3o divulgados pelas redes sociais do sindicato.<\/p>\n<p style=\"text-align: justify;\">Todo o conte\u00fado foi desenvolvido pela professora e consultora <strong>Kelly Costa<\/strong>, profissional que atua h\u00e1 mais de 20 anos nas \u00e1reas de gest\u00e3o comercial, marketing e vendas.<\/p>\n<p style=\"text-align: justify;\">O curso ser\u00e1 oferecido atrav\u00e9s da <strong>Universidade Corporativa SERT\/SC.<\/strong> Ele ser\u00e1 gratuito apenas aos afiliados do sindicato que estiverem em dia com o pagamento das suas mensalidades.<\/p>\n<p style=\"text-align: justify;\">Para outras informa\u00e7\u00f5es, entre em contato com a equipe do sindicato.<\/p>\n<p style=\"text-align: justify;\"><strong>Aproveite mais este benef\u00edcio que far\u00e1 a sua r\u00e1dio faturar ainda mais!<\/strong><\/p>\n<p>&nbsp;<\/p>\n<div style=\"width: 800px;\" class=\"wp-video\"><video class=\"wp-video-shortcode\" id=\"video-15939-1\" width=\"800\" height=\"800\" preload=\"metadata\" controls=\"controls\"><source type=\"video\/mp4\" src=\"https:\/\/www.sertsc.org.br\/site\/wp-content\/uploads\/2021\/07\/WEBSERIE-3.mp4?_=1\" \/><a href=\"https:\/\/www.sertsc.org.br\/site\/wp-content\/uploads\/2021\/07\/WEBSERIE-3.mp4\">https:\/\/www.sertsc.org.br\/site\/wp-content\/uploads\/2021\/07\/WEBSERIE-3.mp4<\/a><\/video><\/div>\n","protected":false},"excerpt":{"rendered":"<p>O SERT\/SC, representante patronal do r\u00e1dio e da TV aberta&hellip;<\/p>\n<p> <a class=\"more-link\" href=\"https:\/\/sertsc.org.br\/site\/sert-sc-lanca-webserie-sobre-marketing-de-indicacao-e-potencializacao-da-carteira\/\">Leia mais<\/a><\/p>\n","protected":false},"author":1,"featured_media":15940,"comment_status":"open","ping_status":"open","sticky":false,"template":"","format":"standard","meta":{"footnotes":""},"categories":[33,3],"tags":[],"class_list":{"0":"post-15939","1":"post","2":"type-post","3":"status-publish","4":"format-standard","5":"has-post-thumbnail","7":"category-destaques","8":"category-noticias"},"_links":{"self":[{"href":"https:\/\/sertsc.org.br\/site\/wp-json\/wp\/v2\/posts\/15939","targetHints":{"allow":["GET"]}}],"collection":[{"href":"https:\/\/sertsc.org.br\/site\/wp-json\/wp\/v2\/posts"}],"about":[{"href":"https:\/\/sertsc.org.br\/site\/wp-json\/wp\/v2\/types\/post"}],"author":[{"embeddable":true,"href":"https:\/\/sertsc.org.br\/site\/wp-json\/wp\/v2\/users\/1"}],"replies":[{"embeddable":true,"href":"https:\/\/sertsc.org.br\/site\/wp-json\/wp\/v2\/comments?post=15939"}],"version-history":[{"count":0,"href":"https:\/\/sertsc.org.br\/site\/wp-json\/wp\/v2\/posts\/15939\/revisions"}],"wp:featuredmedia":[{"embeddable":true,"href":"https:\/\/sertsc.org.br\/site\/wp-json\/"}],"wp:attachment":[{"href":"https:\/\/sertsc.org.br\/site\/wp-json\/wp\/v2\/media?parent=15939"}],"wp:term":[{"taxonomy":"category","embeddable":true,"href":"https:\/\/sertsc.org.br\/site\/wp-json\/wp\/v2\/categories?post=15939"},{"taxonomy":"post_tag","embeddable":true,"href":"https:\/\/sertsc.org.br\/site\/wp-json\/wp\/v2\/tags?post=15939"}],"curies":[{"name":"wp","href":"https:\/\/api.w.org\/{rel}","templated":true}]}}