{"id":15732,"date":"2021-06-29T16:10:03","date_gmt":"2021-06-29T19:10:03","guid":{"rendered":"https:\/\/www.sertsc.org.br\/site\/?p=15732"},"modified":"2021-06-29T16:10:03","modified_gmt":"2021-06-29T19:10:03","slug":"sert-sc-participa-de-live-sobre-acoes-promocionais-em-radio","status":"publish","type":"post","link":"https:\/\/sertsc.org.br\/site\/sert-sc-participa-de-live-sobre-acoes-promocionais-em-radio\/","title":{"rendered":"SERT\/SC participa de live sobre a\u00e7\u00f5es promocionais em r\u00e1dio"},"content":{"rendered":"<p style=\"text-align: justify;\">Na tarde da \u00faltima ter\u00e7a-feira (29\/6), o SERT\/SC participou de um debate ao vivo promovido pela Cadena Sistemas. Ana Paula Melo, presidente do sindicato, foi uma das convidadas. Tamb\u00e9m participaram a diretora de vendas da Cadena, Carolina Sasse, o head de marketing da Cadena, Luiz Fernando Carreir\u00e3o, o CEO da rede Massa FM, Luiz Benite, o gestor art\u00edstico da Massa FM, Cristiano Stuani, o gerente de promo\u00e7\u00e3o da Massa FM, Vitor Botelho e o coordenador art\u00edstico da Jovem Pan, Ricardo Marchiori. Essa live marcou o fim das comemora\u00e7\u00f5es pelos 41 anos do SERT\/SC, completados neste m\u00eas de junho.<\/p>\n<p style=\"text-align: justify;\">Foram abordados diversos aspectos relevantes, como, por exemplo, cria\u00e7\u00e3o, gest\u00e3o de equipe, or\u00e7amento e comercializa\u00e7\u00e3o de a\u00e7\u00f5es promocionais. \u201cPara gerar mais neg\u00f3cios no mercado atual, \u00e9 fundamental pensar al\u00e9m da venda de 30 segundos. Deve-se buscar inova\u00e7\u00e3o em tudo, inclusive na \u00e1rea promocional, que sempre foi uma especialidade do r\u00e1dio\u201d, disse Ana Paula Melo.<\/p>\n<p style=\"text-align: justify;\">A live foi transmitida atrav\u00e9s do canal no YouTube da Cadena Sistemas e segue dispon\u00edvel para ser assistida na plataforma. &#8220;Agrade\u00e7o pelo convite da Cadena, nossa parceira de tanto tempo, e aproveito para registrar que o nosso SERT\/SC apresentar\u00e1 muitas novidades nos pr\u00f3ximos meses&#8221;, concluiu a presidente.<\/p>\n<p>&nbsp;<\/p>\n<p>Clique neste link para ver a grava\u00e7\u00e3o: https:\/\/www.youtube.com\/watch?v=BoGJOtZYTSs<\/p>\n<p>&nbsp;<\/p>\n","protected":false},"excerpt":{"rendered":"<p>Na tarde da \u00faltima ter\u00e7a-feira (29\/6), o SERT\/SC participou de&hellip;<\/p>\n<p> <a class=\"more-link\" href=\"https:\/\/sertsc.org.br\/site\/sert-sc-participa-de-live-sobre-acoes-promocionais-em-radio\/\">Leia mais<\/a><\/p>\n","protected":false},"author":1,"featured_media":15733,"comment_status":"open","ping_status":"open","sticky":false,"template":"","format":"standard","meta":{"footnotes":""},"categories":[33],"tags":[],"class_list":{"0":"post-15732","1":"post","2":"type-post","3":"status-publish","4":"format-standard","5":"has-post-thumbnail","7":"category-destaques"},"_links":{"self":[{"href":"https:\/\/sertsc.org.br\/site\/wp-json\/wp\/v2\/posts\/15732","targetHints":{"allow":["GET"]}}],"collection":[{"href":"https:\/\/sertsc.org.br\/site\/wp-json\/wp\/v2\/posts"}],"about":[{"href":"https:\/\/sertsc.org.br\/site\/wp-json\/wp\/v2\/types\/post"}],"author":[{"embeddable":true,"href":"https:\/\/sertsc.org.br\/site\/wp-json\/wp\/v2\/users\/1"}],"replies":[{"embeddable":true,"href":"https:\/\/sertsc.org.br\/site\/wp-json\/wp\/v2\/comments?post=15732"}],"version-history":[{"count":0,"href":"https:\/\/sertsc.org.br\/site\/wp-json\/wp\/v2\/posts\/15732\/revisions"}],"wp:featuredmedia":[{"embeddable":true,"href":"https:\/\/sertsc.org.br\/site\/wp-json\/"}],"wp:attachment":[{"href":"https:\/\/sertsc.org.br\/site\/wp-json\/wp\/v2\/media?parent=15732"}],"wp:term":[{"taxonomy":"category","embeddable":true,"href":"https:\/\/sertsc.org.br\/site\/wp-json\/wp\/v2\/categories?post=15732"},{"taxonomy":"post_tag","embeddable":true,"href":"https:\/\/sertsc.org.br\/site\/wp-json\/wp\/v2\/tags?post=15732"}],"curies":[{"name":"wp","href":"https:\/\/api.w.org\/{rel}","templated":true}]}}