{"id":15693,"date":"2021-06-25T09:45:25","date_gmt":"2021-06-25T12:45:25","guid":{"rendered":"https:\/\/www.sertsc.org.br\/site\/?p=15693"},"modified":"2021-06-25T09:45:25","modified_gmt":"2021-06-25T12:45:25","slug":"radio-show-e-nab-show-2021-devem-abordar-o-novo-melhor-do-radio-no-pos-pandemia","status":"publish","type":"post","link":"https:\/\/sertsc.org.br\/site\/radio-show-e-nab-show-2021-devem-abordar-o-novo-melhor-do-radio-no-pos-pandemia\/","title":{"rendered":"Radio Show e NAB Show 2021 devem abordar &#8220;o novo melhor&#8221; do r\u00e1dio no p\u00f3s-pandemia"},"content":{"rendered":"<p style=\"text-align: justify;\">S\u00e3o Paulo &#8211; Confer\u00eancias presenciais em Las Vegas (EUA) v\u00e3o discutir o que mudou para o r\u00e1dio no p\u00f3s-pandemia e como o meio fez para agregar novas receitas<\/p>\n<p style=\"text-align: justify;\">Em outubro ser\u00e1 realizada a primeira edi\u00e7\u00e3o presencial do NAB Show desde 2019, confer\u00eancia que foi para a internet durante a pandemia e agora vislumbra com a clara possibilidade de realizar uma programa\u00e7\u00e3o f\u00edsica em 2021. O mesmo ocorrer\u00e1 com o Radio Show, considerado principal evento da ind\u00fastria de r\u00e1dio e que ser\u00e1 realizado de forma simult\u00e2nea com o NAB Show 2021. Na pauta est\u00e3o as formas de como as emissoras conseguiram agregar novas receitas \u00e0s suas atividades, o que mudou durante a pandemia e como ser\u00e1 o \u201cNovo Melhor\u201d para o setor.<\/p>\n<p style=\"text-align: justify;\" data-fetch=\"true\">Segundo a imprensa norte-americana especializada no setor de comunica\u00e7\u00e3o, o Radio Show 2021 est\u00e1 com sua programa\u00e7\u00e3o prevista para os dias 13 a 14 de outubro no Westgate Las Vegas Resort &amp; Casino. O local \u00e9 bem pr\u00f3ximo do Las Vegas Convention Center, onde a programa\u00e7\u00e3o de interesse dos radiodifusores acontecer\u00e1 no North Hall, entre os dias 10 \u00e0 13 do mesmo m\u00eas.<\/p>\n<p style=\"text-align: justify;\">O Radio Show 2021 ser\u00e1 iniciado na quarta-feira (13 de outubro) a partir das 10h40 (hor\u00e1rio local, 14h40 de Bras\u00edlia). A grade foi organizada de uma forma que os participantes do congresso de r\u00e1dio possam tamb\u00e9m acompanhar todos os pontos de interesse do NAB Show (saiba mais no final deste texto). Portais especializados como o Inside Radio lembram que \u00e9 curta a caminhada entre o Westgate (Radio Show 2021) e o North Hall do centro de conven\u00e7\u00f5es.<\/p>\n<div id=\"_ppads_video\" style=\"text-align: justify;\">\n<div id=\"MagniteApex-wrapper-0.3682362577076552\"><\/div>\n<\/div>\n<p style=\"text-align: justify;\">A abertura do Radio Show ser\u00e1 com a apresenta\u00e7\u00e3o do Pr\u00eamio Nacional de R\u00e1dio e, na sequ\u00eancia, ser\u00e1 realizada a primeira confer\u00eancia, com o t\u00edtulo &#8220;Qual \u00e9 o seu neg\u00f3cio&#8221;. Nela, os participantes ir\u00e3o analisar o que as esta\u00e7\u00f5es est\u00e3o fazendo para ampliar os resultados em seus mercados locais, al\u00e9m de capturar receitas adicionais.<\/p>\n<p style=\"text-align: justify;\">Na sequ\u00eancia, \u00e0s 12h40, ocorre uma sess\u00e3o chamada \u201cMostre-me o dinheiro\u201d, que abordar\u00e1 a identifica\u00e7\u00e3o e o entendimento de oportunidades de crescimento, seja para curto prazo ou para o futuro. Essa grade \u00e9 seguida \u00e0 tarde por uma agenda que conta com a \u201cCria\u00e7\u00e3o de l\u00edderes e cultivo de for\u00e7as de trabalhos diversas\u201d, grade de 80 minutos dividida em duas partes. Nessa programa\u00e7\u00e3o est\u00e3o temas como planejamento, tomadas de decis\u00f5es, melhores processos de trabalho, diversidade e igualdade na ind\u00fastria de r\u00e1dio, entre outros pontos.<\/p>\n<p style=\"text-align: justify;\">Tamb\u00e9m haver\u00e1 na quarta uma sess\u00e3o chamada de &#8220;Personality Podcasting For Dummies\u201d, um jeito bem humorado para trabalhar conceitos b\u00e1sicos na cria\u00e7\u00e3o e execu\u00e7\u00e3o de podcasts, passando pelas \u00e1reas de conte\u00fado, marketing e monetiza\u00e7\u00e3o. Personalidades \u00e9 a forma como o r\u00e1dio norte-americano chama o profissional do ar, ou seja, o comunicador (apresentador e\/ou radialista).<\/p>\n<p style=\"text-align: justify;\"><strong>&#8220;The New Better&#8221;<\/strong><\/p>\n<p style=\"text-align: justify;\">Muito se fala do &#8220;novo normal&#8221;, conceito usado desde o in\u00edcio da pandemia para tratar sobre eventuais mudan\u00e7as nas formas de trabalho e comportamento durante e ap\u00f3s a pandemia da covid-19. J\u00e1 o Radio Show preferiu chamar essas quest\u00f5es de &#8220;The New Better&#8221;, ou seja, &#8220;O Novo Melhor&#8221;. Na sess\u00e3o que abrir\u00e1 o segundo dia do congresso, os l\u00edderes do setor de r\u00e1dio nos Estados Unidos v\u00e3o falar de como enfrentaram esse momento e o que ficar\u00e1 desse aprendizado para a sequ\u00eancia p\u00f3s covid-19.<\/p>\n<p style=\"text-align: justify;\">Neste mesmo dia ocorrer\u00e1 uma sess\u00e3o com especialistas em engenharia e TI, profissionais estes que ir\u00e3o discutir o que \u00e9 aplic\u00e1vel no p\u00f3s-pandemia e os ensinamentos ao setor. Chama a aten\u00e7\u00e3o neste caso o nome do painel, que \u00e9 &#8220;Opera\u00e7\u00f5es de esta\u00e7\u00e3o h\u00edbrida&#8221;, termo muito usado para indicar o futuro poss\u00edvel do setor.<\/p>\n<p style=\"text-align: justify;\" data-fetch=\"true\">Tamb\u00e9m ser\u00e1 discutida a possibilidade de contar com a gera\u00e7\u00e3o de conte\u00fado em qualquer hora e em qualquer lugar, ou seja, a pandemia acentuou o trabalho de equipes remotas, inclusive dos apresentadores de r\u00e1dio. E como aproximar um comunicador que est\u00e1 distante fisicamente da comunidade onde seu programa est\u00e1 sendo apresentado? S\u00e3o algumas das quest\u00f5es que devem ser debatidas na tarde do segundo dia.<\/p>\n<p style=\"text-align: justify;\">Outro destaque \u00e9 a sess\u00e3o &#8220;Radio Works&#8221;, que acontecer\u00e1 na tarde do segundo dia. Nela, os debatedores mostraram a criatividade em publicidade e promo\u00e7\u00f5es, como \u00e9 a perspectiva a partir do ponto de vista de anunciantes e ag\u00eancias, or\u00e7amentos promocionais, evolu\u00e7\u00e3o do marketing no p\u00f3s-pandemia, entre outros pontos.<\/p>\n<p style=\"text-align: justify;\"><strong>NAB Show 2021: principais pontos de interesse<\/strong><\/p>\n<p>&nbsp;<\/p>\n<p><img fetchpriority=\"high\" decoding=\"async\" class=\"aligncenter size-full wp-image-15694\" src=\"https:\/\/www.sertsc.org.br\/site\/wp-content\/uploads\/2021\/06\/60c81d7a2d22b.jpeg\" alt=\"\" width=\"700\" height=\"412\" \/><\/p>\n<p style=\"text-align: center;\">Um dos acessos internos do Las Vegas Convention Center durante o NAB Show 2018 \/ cr\u00e9dito:\u00a0<strong>tudoradio.com<\/strong><\/p>\n<p style=\"text-align: justify;\">Segundo a imprensa norte-americana especializada em r\u00e1dio, as atra\u00e7\u00f5es do Main Stage (palco principal do NAB Show) que devem despertar um maior interesse do setor s\u00e3o: One on One com Nick Cannon (09\/10 &#8211; 14h), NAB Show Sunday Kick Off com Jim Gaffigan (10\/10), State of the Broadcast Industry Address (11\/10) e NAB Broadcasting Hall of Fame Inductions (11\/10). Segundo o Inside Radio, tamb\u00e9m \u00e9 ponto de interesse confer\u00eancias como Broadcasting Engineering &amp; IT Conference, a Business of Media Conference e o Audio Engineering Society (AES) Show. E tamb\u00e9m h\u00e1 a expectativa da realiza\u00e7\u00e3o de um Pavilh\u00e3o de Podcasting.<\/p>\n<p style=\"text-align: justify;\" data-fetch=\"true\"><strong>Delega\u00e7\u00e3o brasileira e WEBNAB 2021<\/strong><\/p>\n<p style=\"text-align: justify;\">Segundo informa\u00e7\u00f5es obtidas com as associa\u00e7\u00f5es do setor que costumam organizar anualmente a ida da delega\u00e7\u00e3o brasileira ao NAB Show, o setor est\u00e1 em tratativas com os representantes da entidade norte-americana e consulados para ver a viabilidade da participa\u00e7\u00e3o dos radiodifusores do Brasil, tirando d\u00favidas sobre o que ser\u00e1 considerado para o ingresso dos participantes nos Estados Unidos. H\u00e1 uma possibilidade da programa\u00e7\u00e3o de 2021 ser mais voltada ao mercado norte-americano, ou seja, com uma grade menos internacional.<\/p>\n<p style=\"text-align: justify;\">Eventos adiados, planejamentos de formatos h\u00edbridos ou vers\u00f5es apenas via internet tem sido uma constante no planejamento do setor em todo o planeta. Recentemente o\u00a0<strong><a href=\"https:\/\/tudoradio.com\/noticias\/ver\/25502-organizadores-do-ibc-show-adiam-realizacao-do-evento-para-o-inicio-de-dezembro-em-amsterdam\">IBC Show teve sua edi\u00e7\u00e3o de 2021 adiada para dezembro.<\/a><\/strong>\u00a0J\u00e1 outros eventos, como o<strong><a href=\"https:\/\/tudoradio.com\/noticias\/ver\/24626-tendencias-paris-radio-show-e-reagendada-para-2022-e-evento-programado-para-2021-sera-100-virtual\">\u00a0Paris Radio Show,<\/a><\/strong>\u00a0foram empurrados para 2022.<\/p>\n<p style=\"text-align: justify;\">Como \u00e9 um ano at\u00edpico, com o NAB Show sendo realizado em outubro e n\u00e3o em abril (como \u00e9 a tradi\u00e7\u00e3o) e demais quest\u00f5es que podem interferir no planejamento dos participantes, uma outra oportunidade de se manter informado sobre os temas discutidos ser\u00e1 a realiza\u00e7\u00e3o do WEBNAB 2021, que estar\u00e1 em sua segunda edi\u00e7\u00e3o e est\u00e1 previsto para novembro. A grade, idealizada para ser um evento p\u00f3s-NAB Show com foco nos brasileiros, \u00e9 realizada e organizada pela ZYDigital e teve a sua\u00a0<strong><a href=\"https:\/\/tudoradio.com\/noticias\/ver\/23558-ceo-da-rab-erica-farber-destacou-principais-motivos-para-se-anunciar-no-radio-durante-webnab\">primeira edi\u00e7\u00e3o em 2020.<\/a><\/strong><\/p>\n<p style=\"text-align: center;\"><img decoding=\"async\" class=\"aligncenter size-full wp-image-15695\" src=\"https:\/\/www.sertsc.org.br\/site\/wp-content\/uploads\/2021\/06\/60c81d7a2d6d9-1.jpg\" alt=\"\" width=\"500\" height=\"667\" \/>&#8220;Main Stage&#8221; do NAB Show 2019, edi\u00e7\u00e3o presencial mais recente \/ cr\u00e9dito: <strong>tudoradio.com<\/strong><\/p>\n<p>&nbsp;<\/p>\n<p>Fonte: TudoR\u00e1dio<\/p>\n<p>&nbsp;<\/p>\n<p>&nbsp;<\/p>\n<div class=\"pp-box-adunit pp-ad-loading pp-type-intext\">\n<div class=\"pp-adunit\">\n<div data-premium=\"\" data-adunit=\"TUDO_RADIO_INTEXT_01\" data-sizes-mobile=\"[[336,280],[300,250]]\" data-sizes-desktop=\"[[336,280],[300,250]]\" data-type=\"intext\" data-fetch=\"true\" data-google-query-id=\"COfA_NblsvECFZw0uQYd06MOyQ\"><\/div>\n<\/div>\n<\/div>\n","protected":false},"excerpt":{"rendered":"<p>S\u00e3o Paulo &#8211; Confer\u00eancias presenciais em Las Vegas (EUA) v\u00e3o&hellip;<\/p>\n<p> <a class=\"more-link\" href=\"https:\/\/sertsc.org.br\/site\/radio-show-e-nab-show-2021-devem-abordar-o-novo-melhor-do-radio-no-pos-pandemia\/\">Leia mais<\/a><\/p>\n","protected":false},"author":1,"featured_media":15694,"comment_status":"open","ping_status":"open","sticky":false,"template":"","format":"standard","meta":{"footnotes":""},"categories":[1],"tags":[],"class_list":{"0":"post-15693","1":"post","2":"type-post","3":"status-publish","4":"format-standard","5":"has-post-thumbnail","7":"category-geral"},"_links":{"self":[{"href":"https:\/\/sertsc.org.br\/site\/wp-json\/wp\/v2\/posts\/15693","targetHints":{"allow":["GET"]}}],"collection":[{"href":"https:\/\/sertsc.org.br\/site\/wp-json\/wp\/v2\/posts"}],"about":[{"href":"https:\/\/sertsc.org.br\/site\/wp-json\/wp\/v2\/types\/post"}],"author":[{"embeddable":true,"href":"https:\/\/sertsc.org.br\/site\/wp-json\/wp\/v2\/users\/1"}],"replies":[{"embeddable":true,"href":"https:\/\/sertsc.org.br\/site\/wp-json\/wp\/v2\/comments?post=15693"}],"version-history":[{"count":0,"href":"https:\/\/sertsc.org.br\/site\/wp-json\/wp\/v2\/posts\/15693\/revisions"}],"wp:featuredmedia":[{"embeddable":true,"href":"https:\/\/sertsc.org.br\/site\/wp-json\/"}],"wp:attachment":[{"href":"https:\/\/sertsc.org.br\/site\/wp-json\/wp\/v2\/media?parent=15693"}],"wp:term":[{"taxonomy":"category","embeddable":true,"href":"https:\/\/sertsc.org.br\/site\/wp-json\/wp\/v2\/categories?post=15693"},{"taxonomy":"post_tag","embeddable":true,"href":"https:\/\/sertsc.org.br\/site\/wp-json\/wp\/v2\/tags?post=15693"}],"curies":[{"name":"wp","href":"https:\/\/api.w.org\/{rel}","templated":true}]}}