{"id":15679,"date":"2021-06-23T09:42:40","date_gmt":"2021-06-23T12:42:40","guid":{"rendered":"https:\/\/www.sertsc.org.br\/site\/?p=15679"},"modified":"2021-06-23T09:42:40","modified_gmt":"2021-06-23T12:42:40","slug":"nova-fase-da-digitalizacao-da-tv-aberta-preve-957-prefeituras-beneficiadas-ate-julho-de-2022","status":"publish","type":"post","link":"https:\/\/sertsc.org.br\/site\/nova-fase-da-digitalizacao-da-tv-aberta-preve-957-prefeituras-beneficiadas-ate-julho-de-2022\/","title":{"rendered":"Nova fase da digitaliza\u00e7\u00e3o da TV aberta prev\u00ea 957 prefeituras beneficiadas at\u00e9 julho de 2022"},"content":{"rendered":"<p style=\"text-align: justify;\">A segunda fase do projeto de digitaliza\u00e7\u00e3o da TV aberta, que contar\u00e1 com pelo menos R$ 844 milh\u00f5es de recursos da EAD (empresa Administradora da Digitaliza\u00e7\u00e3o) teve o cronograma final definido\u00a0 pelo Gired (grupo coordenado pela Anatel que coordena os trabalhos). Este projeto prev\u00ea a digitaliza\u00e7\u00e3o das retransmissoras anal\u00f3gicas de TV em cidades em que n\u00e3o existe sinal de TV digital. Ser\u00e3o ao todo 1.638 cidades que est\u00e3o nesta condi\u00e7\u00e3o, sendo que mais da metade delas ser\u00e1 beneficiada at\u00e9 metade do ano que vem. Pelo cronograma definido pelo Gired, o calend\u00e1rio \u00e9 o seguinte:<\/p>\n<ul style=\"text-align: justify;\">\n<li>Na Fase 1, ser\u00e3o digitalizadas as cidades nos Estados do Cear\u00e1, Rio Grande do Norte, Piau\u00ed, Maranh\u00e3o, Para\u00edba, Pernambuco, Bahia, Alagoas, Sergipe e Minas Gerais, num total de 752 cidades, cujo prazo de conclus\u00e3o do projeto (que \u00e9 a entrega do site compartilhado de TV digital em opera\u00e7\u00e3o) \u00e9 at\u00e9 abril de 2022.\u00a0Esta primeira fase est\u00e1 dividida em 4 subfases, come\u00e7ando com CE, PI e RN (73 cidades at\u00e9 novembro de 2021); MA e PB (120 cidades at\u00e9 dezembro de 2021); 296 cidades em PE, BA, AL e SE at\u00e9 fevereiro de 2022; e 263 cidades em Minas Gerais at\u00e9 abril de 2022.<\/li>\n<li>Na Fase 2 ser\u00e3o digitalizados 207 munic\u00edpios do Paran\u00e1, Santa Catarina, Esp\u00edrito Santo, Rio Grande do Sul e Rio de Janeiro, com prazo final at\u00e9 julho de 2022.<\/li>\n<li>Na Fase 3 \u00e9 a vez dos Estados do Par\u00e1, Amazonas, Mato Grosso, Mato Grosso do Sul, Goi\u00e1s, Rond\u00f4nia, Roraima, Acre e Amap\u00e1, num total de 182 munic\u00edpios, que ser\u00e3o digitalizados at\u00e9 janeiro de 2023.<\/li>\n<li>A Fase 4 inclui 497 munic\u00edpios em\u00a0 todas as unidades da federa\u00e7\u00e3o que n\u00e3o foram digitalizados nas etapas anteriores. O prazo final para este grupo de munic\u00edpios \u00e9 julho de 2023.<\/li>\n<\/ul>\n<p><span style=\"text-align: justify;\">Ao todo, nestes munic\u00edpios h\u00e1 3.715 canais anal\u00f3gicos de TV a serem digitalizados.<\/span><\/p>\n<p style=\"text-align: justify;\">Esta segunda etapa do trabalho da EAD foi definida depois de constatada uma sobra de or\u00e7amento de R$ 1,38 bilh\u00e3o decorrente da conclus\u00e3o da primeira fase, que era a distribui\u00e7\u00e3o de kits de TV digital e desligamento dos sinais anal\u00f3gicos para a libera\u00e7\u00e3o da faixa de 700 MHz em cerca de 1,4 mil munic\u00edpios. Este processo de desligamento contou com R$ 3,6 bilh\u00f5es pagos pelas empresas TIM, Claro, Vivo e Algar na licita\u00e7\u00e3o da faixa de 700 MHz em 2014.<\/p>\n<p style=\"text-align: justify;\">Os\u00a0<a href=\"https:\/\/teletime.com.br\/26\/11\/2020\/anatel-define-aplicacao-dos-saldos-da-ead-tv-digital-em-pequenas-cidades-sera-prioridade\/\" rel=\"follow\" data-wpel-link=\"internal\">projetos adicionais com os saldos da EAD foram definidos pela Anatel no final do ano passado<\/a>: foram R$ 844 milh\u00f5es para a radiodifus\u00e3o, R$ 297 para a continuidade do trabalho da EAD e R$ 528 milh\u00f5es para a etapa 1 do Programa Amaz\u00f4nia Integrada e Sustent\u00e1vel (PAIS), que tamb\u00e9m teve etapas inclu\u00eddas no edital de 5G.<\/p>\n<p style=\"text-align: justify;\">A parte de digitaliza\u00e7\u00e3o da TV aberta foi batizado de Digitaliza Brasil pelo Minist\u00e9rio das Comunica\u00e7\u00f5es este ano. Esta semana o minist\u00e9rio publicou o primeiro chamamento para a habilita\u00e7\u00e3o dos munic\u00edpios candidatos, come\u00e7ando pelos estados do Cear\u00e1, Rio Grande do Norte e Piau\u00ed.<\/p>\n<p style=\"text-align: justify;\">Pelo projeto, as prefeituras interessadas em receber o site de TV digital devem se cadastrar e atender a determinadas condi\u00e7\u00f5es, como assegurar o funcionamento da rede depois de receberem o os equipamentos instalados. Caber\u00e1 \u00e0 EAD a compra dos equipamentos, instala\u00e7\u00e3o, libera\u00e7\u00f5es regulat\u00f3rias necess\u00e1rias e instala\u00e7\u00e3o final. Os sites precisar\u00e3o ser compartilhados pelos radiodifusores privados que tenham interesse em operar no munic\u00edpio, com garantia de distribui\u00e7\u00e3o dos sinais da EBC e dos canais Legislativos.<\/p>\n","protected":false},"excerpt":{"rendered":"<p>A segunda fase do projeto de digitaliza\u00e7\u00e3o da TV aberta,&hellip;<\/p>\n<p> <a class=\"more-link\" href=\"https:\/\/sertsc.org.br\/site\/nova-fase-da-digitalizacao-da-tv-aberta-preve-957-prefeituras-beneficiadas-ate-julho-de-2022\/\">Leia mais<\/a><\/p>\n","protected":false},"author":1,"featured_media":15680,"comment_status":"open","ping_status":"open","sticky":false,"template":"","format":"standard","meta":{"footnotes":""},"categories":[3],"tags":[],"class_list":{"0":"post-15679","1":"post","2":"type-post","3":"status-publish","4":"format-standard","5":"has-post-thumbnail","7":"category-noticias"},"_links":{"self":[{"href":"https:\/\/sertsc.org.br\/site\/wp-json\/wp\/v2\/posts\/15679","targetHints":{"allow":["GET"]}}],"collection":[{"href":"https:\/\/sertsc.org.br\/site\/wp-json\/wp\/v2\/posts"}],"about":[{"href":"https:\/\/sertsc.org.br\/site\/wp-json\/wp\/v2\/types\/post"}],"author":[{"embeddable":true,"href":"https:\/\/sertsc.org.br\/site\/wp-json\/wp\/v2\/users\/1"}],"replies":[{"embeddable":true,"href":"https:\/\/sertsc.org.br\/site\/wp-json\/wp\/v2\/comments?post=15679"}],"version-history":[{"count":0,"href":"https:\/\/sertsc.org.br\/site\/wp-json\/wp\/v2\/posts\/15679\/revisions"}],"wp:featuredmedia":[{"embeddable":true,"href":"https:\/\/sertsc.org.br\/site\/wp-json\/"}],"wp:attachment":[{"href":"https:\/\/sertsc.org.br\/site\/wp-json\/wp\/v2\/media?parent=15679"}],"wp:term":[{"taxonomy":"category","embeddable":true,"href":"https:\/\/sertsc.org.br\/site\/wp-json\/wp\/v2\/categories?post=15679"},{"taxonomy":"post_tag","embeddable":true,"href":"https:\/\/sertsc.org.br\/site\/wp-json\/wp\/v2\/tags?post=15679"}],"curies":[{"name":"wp","href":"https:\/\/api.w.org\/{rel}","templated":true}]}}