{"id":15675,"date":"2021-06-22T16:45:28","date_gmt":"2021-06-22T19:45:28","guid":{"rendered":"https:\/\/www.sertsc.org.br\/site\/?p=15675"},"modified":"2021-06-22T16:45:28","modified_gmt":"2021-06-22T19:45:28","slug":"sert-sc-comemora-41-anos-e-lanca-assessoria-juridica-personalizada","status":"publish","type":"post","link":"https:\/\/sertsc.org.br\/site\/sert-sc-comemora-41-anos-e-lanca-assessoria-juridica-personalizada\/","title":{"rendered":"SERT\/SC comemora 41 anos e lan\u00e7a assessoria jur\u00eddica personalizada"},"content":{"rendered":"<p style=\"text-align: justify;\">Neste dia 22 de junho, o SERT\/SC, Sindicato das Empresas de R\u00e1dio e Televis\u00e3o do Estado de Santa Catarina, comemorou 41 anos de atividades. Para marcar a data, a entidade apresentou aos seus filiados uma assessoria jur\u00eddica personalizada que visa padronizar, atualizar e aprimorar registros e anota\u00e7\u00f5es dos contratos de trabalho da categoria, al\u00e9m de atribuir maior seguran\u00e7a jur\u00eddica para a rela\u00e7\u00e3o trabalhista e as opera\u00e7\u00f5es.<\/p>\n<p style=\"text-align: justify;\">\n<p style=\"text-align: justify;\">A novidade foi anunciada durante uma live realizada na tarde de 22\/6 que contou com a presen\u00e7a da presidente do SERT\/SC, Ana Paula Melo, do assessor jur\u00eddico da entidade, Dr. Marcos Ant\u00f4nio Silveira, e de radiodifusores.<\/p>\n<p style=\"text-align: justify;\">\n<p style=\"text-align: justify;\">A assessoria jur\u00eddica personalizada \u00e9 direcionada aos interessados em maximizar o aproveitamento e o resultado da sua atividade. O assessor jur\u00eddico do sindicato atender\u00e1 cada empresa por agendamento, de forma individual e on-line. O foco ser\u00e1 a revis\u00e3o e a inclus\u00e3o de cl\u00e1usulas por aditivo contratual de acordo com a legisla\u00e7\u00e3o vigente, adequa\u00e7\u00e3o de nomenclatura conforme atual Decreto, mapeamento de poss\u00edveis inconsist\u00eancias, apresenta\u00e7\u00e3o de alternativas e resposta para d\u00favidas sobre o tema.<\/p>\n<p style=\"text-align: justify;\">\n<p style=\"text-align: justify;\">Contar\u00e3o com a assessoria jur\u00eddica personalizada as 50 primeiras emissoras filiadas que enviarem a ficha cadastral completa para a equipe do SERT\/SC. Al\u00e9m dos gestores, poder\u00e3o participar tamb\u00e9m os profissionais de contabilidade e recursos humanos de cada empresa. Os radiodifusores filiados que controlarem mais de uma emissora receber\u00e3o somente uma consultoria para o seu grupo empresarial. Fica \u00e0 crit\u00e9rio do radiodifusor escolher quais colaboradores participar\u00e3o dos encontros.<\/p>\n<p style=\"text-align: justify;\">\n<p style=\"text-align: justify;\">&#8220;Estamos muito contentes com mais este servi\u00e7o que o SERT\/SC passa a prestar aos seus filiados. Temos certeza que a amplia\u00e7\u00e3o da assessoria jur\u00eddica far\u00e1 com que as emissoras possam n\u00e3o apenas ter mais seguran\u00e7a nos contratos de trabalho, mas tamb\u00e9m melhores resultados na rela\u00e7\u00e3o com seus colaboradores&#8221;, declarou Ana Paula Melo, presidente do SERT\/SC.<\/p>\n","protected":false},"excerpt":{"rendered":"<p>Neste dia 22 de junho, o SERT\/SC, Sindicato das Empresas&hellip;<\/p>\n<p> <a class=\"more-link\" href=\"https:\/\/sertsc.org.br\/site\/sert-sc-comemora-41-anos-e-lanca-assessoria-juridica-personalizada\/\">Leia mais<\/a><\/p>\n","protected":false},"author":1,"featured_media":15676,"comment_status":"open","ping_status":"open","sticky":false,"template":"","format":"standard","meta":{"footnotes":""},"categories":[33],"tags":[],"class_list":{"0":"post-15675","1":"post","2":"type-post","3":"status-publish","4":"format-standard","5":"has-post-thumbnail","7":"category-destaques"},"_links":{"self":[{"href":"https:\/\/sertsc.org.br\/site\/wp-json\/wp\/v2\/posts\/15675","targetHints":{"allow":["GET"]}}],"collection":[{"href":"https:\/\/sertsc.org.br\/site\/wp-json\/wp\/v2\/posts"}],"about":[{"href":"https:\/\/sertsc.org.br\/site\/wp-json\/wp\/v2\/types\/post"}],"author":[{"embeddable":true,"href":"https:\/\/sertsc.org.br\/site\/wp-json\/wp\/v2\/users\/1"}],"replies":[{"embeddable":true,"href":"https:\/\/sertsc.org.br\/site\/wp-json\/wp\/v2\/comments?post=15675"}],"version-history":[{"count":0,"href":"https:\/\/sertsc.org.br\/site\/wp-json\/wp\/v2\/posts\/15675\/revisions"}],"wp:featuredmedia":[{"embeddable":true,"href":"https:\/\/sertsc.org.br\/site\/wp-json\/"}],"wp:attachment":[{"href":"https:\/\/sertsc.org.br\/site\/wp-json\/wp\/v2\/media?parent=15675"}],"wp:term":[{"taxonomy":"category","embeddable":true,"href":"https:\/\/sertsc.org.br\/site\/wp-json\/wp\/v2\/categories?post=15675"},{"taxonomy":"post_tag","embeddable":true,"href":"https:\/\/sertsc.org.br\/site\/wp-json\/wp\/v2\/tags?post=15675"}],"curies":[{"name":"wp","href":"https:\/\/api.w.org\/{rel}","templated":true}]}}