{"id":15658,"date":"2021-06-17T15:07:10","date_gmt":"2021-06-17T18:07:10","guid":{"rendered":"https:\/\/www.sertsc.org.br\/site\/?p=15658"},"modified":"2021-06-17T15:07:10","modified_gmt":"2021-06-17T18:07:10","slug":"acaert-apresenta-atuacao-do-radio-e-da-tv-durante-a-pandemia-da-covid-19-na-alesc","status":"publish","type":"post","link":"https:\/\/sertsc.org.br\/site\/acaert-apresenta-atuacao-do-radio-e-da-tv-durante-a-pandemia-da-covid-19-na-alesc\/","title":{"rendered":"ACAERT apresenta atua\u00e7\u00e3o do R\u00e1dio e da TV durante a pandemia da covid-19 na Alesc"},"content":{"rendered":"<p style=\"text-align: justify;\"><strong>Mensagem Anual do Segmento da Comunica\u00e7\u00e3o catarinense foi apresentada pelo presidente da entidade<\/strong><\/p>\n<p>&nbsp;<\/p>\n<p style=\"text-align: justify;\">O presidente da Associa\u00e7\u00e3o Catarinense de Emissoras de R\u00e1dio e Televis\u00e3o \u2013 ACAERT, Silvano Silva, apresentou nesta quinta-feira (17), no plen\u00e1rio da Alesc, a \u201cMensagem Anual do Segmento da Comunica\u00e7\u00e3o catarinense\u201d aos deputados estaduais. O documento relatou a atua\u00e7\u00e3o das emissoras de R\u00e1dio e Televis\u00e3o em Santa Catarina desde o in\u00edcio da pandemia da covid-19 no estado.<br \/>\nNo formato h\u00edbrido de presencial e \u00e0 dist\u00e2ncia, a sess\u00e3o ordin\u00e1ria foi presidida pelo 1\u00ba vice-presidente da Alesc, deputado Nilso Berlanda (PL). O presidente da Assembleia, deputado Mauro de Nadal (MDB) e o secret\u00e1rio de Comunica\u00e7\u00e3o de Santa Catarina, jornalista Jo\u00e3o Cavalazzi, prestigiaram o evento.<br \/>\nTamb\u00e9m estiveram presencialmente o ex-presidente da ACAERT, Ranieri Moacir Bertoli, o vice-presidente de Finan\u00e7as, F\u00e1bio Lopes de Lima, os conselheiros Darel D\u2019\u00c1vila e Cacai Amorim, al\u00e9m dos diretores da entidade, Leonardo Amorim, Liza Rocha e Guido Schvartzman. Dirigentes e associados tamb\u00e9m acompanharam a sess\u00e3o pela transmiss\u00e3o da TVAL.<\/p>\n<p style=\"text-align: justify;\">Silvano Silva afirmou que a radiodifus\u00e3o foi um dos setores mais atingidos pela pandemia, com uma perda m\u00e9dia de 30% do faturamento das emissoras. \u201cFomos obrigados a nos reinventar da noite para o dia\u201d e \u201cobrigados a enxugar custos e aumentar a efici\u00eancia, assim como os demais setores empresarias\u201d.<br \/>\nO dirigente lembrou a perda de amigos e profissionais do segmento em decorr\u00eancia da doen\u00e7a, destacando o falecimento de Rog\u00e9rio Pereira, o \u201cPirata\u201d, importante lideran\u00e7a empresarial e pol\u00edtica de S\u00e3o Joaquim. \u201cAssim como m\u00e9dicos, bombeiros, enfermeiros, caixas de supermercado, policiais e tantas outras atividades essenciais, continuamos na rua levando a informa\u00e7\u00e3o para quem estava em casa, ajudando a combater n\u00e3o s\u00f3 o v\u00edrus da covid-19, mas tamb\u00e9m o v\u00edrus da fake news, que se propagou assustadoramente\u201d.<\/p>\n<p style=\"text-align: justify;\">Neste sentido, o presidente da ACAERT informou que a entidade adaptou suas campanhas institucionais para ajudar no enfrentamento da pandemia. Citou, por exemplo, a\u00e7\u00f5es como \u201cJeito Catarinense\u201d, \u201cN\u00e3o pague o pato, confie em quem apura o fato\u201d e \u201cPense Grande, Pense R\u00e1dio e Pense TV\u201d. Audi\u00eancia &#8211; Pelos servi\u00e7os relevantes prestados pelas emissoras, a mensagem ressaltou os recordes hist\u00f3ricos de audi\u00eancia. \u201cEntre os ouvintes, 17% afirmaram ouvir muito mais r\u00e1dio ap\u00f3s o in\u00edcio da pandemia. J\u00e1 a tv comemora a maior m\u00e9dia de audi\u00eancia dos \u00faltimos 5 anos, servindo n\u00e3o s\u00f3 como fonte de informa\u00e7\u00e3o, mas de entretenimento\u201d.<\/p>\n<p style=\"text-align: justify;\">Silvano Silva informou tamb\u00e9m que a ACAERT comemorou 40 anos em plena pandemia. \u201cN\u00e3o foi uma comemora\u00e7\u00e3o com a nossa entidade merecia, mas foi a celebra\u00e7\u00e3o poss\u00edvel em tempos de pandemia. Marcamos a data com a publica\u00e7\u00e3o de um livro hist\u00f3rico, que foi enviado os gabinetes de todos os deputados\u201d.<\/p>\n<p style=\"text-align: justify;\">O presidente enfatizou o conv\u00eanio Alesc e ACAERT, tido como refer\u00eancia para o pa\u00eds e que divulga de forma t\u00e9cnica as a\u00e7\u00f5es do parlamento catarinense. \u201cUm conv\u00eanio que j\u00e1 tinha fun\u00e7\u00e3o estrat\u00e9gica no passado, mas passou a ser fundamental em tempos pand\u00eamicos. Nesse contexto, nada melhor do que continuar prestando contas das a\u00e7\u00f5es desta casa por meio dos ve\u00edculos que chegam a todos os catarinenses, ou seja, o r\u00e1dio e a tv\u201d.<\/p>\n<p style=\"text-align: justify;\">De acordo com Silvano Silva, \u201c\u00e9 imprescind\u00edvel lembrar que a \u2018publicidade dos atos do poder p\u00fablico\u2019 \u00e9 uma obriga\u00e7\u00e3o legal, amparada pelo artigo 37 da constitui\u00e7\u00e3o federal, e que o r\u00e1dio e a tv s\u00e3o os melhores ve\u00edculos para dar abrang\u00eancia e publicidade aos atos p\u00fablicos\u201d.<\/p>\n<p style=\"text-align: justify;\">Sociais &#8211; O presidente alertou que \u201ch\u00e1 poucos anos as redes sociais foram dadas como o novo e \u00fanico caminho para decidir uma elei\u00e7\u00e3o. hoje sabemos que elas n\u00e3o s\u00e3o autossuficientes e alimentam em grande parte a polariza\u00e7\u00e3o e a desinforma\u00e7\u00e3o, ancoradas muito mais em m\u00e9tricas da vaidade do que no princ\u00edpio amplo de publicidade\u201d. Para o dirigente, \u201ca falsa ilus\u00e3o de democracia causada pela sensa\u00e7\u00e3o de saber que tudo pode ser dito numa rede social, esconde uma amea\u00e7a para o pr\u00f3prio modelo democr\u00e1tico, provocada por essa falta de modera\u00e7\u00e3o de conte\u00fado que permite um alcance maior de uma mentira, impulsionada por rob\u00f4s e algoritmos, do que da pr\u00f3pria verdade\u201d.<\/p>\n<p style=\"text-align: justify;\">Silvano Silva encerrou sua apresenta\u00e7\u00e3o exibindo campanha em apoio \u00e0 reforma da previd\u00eancia social estadual. \u201cTemos dois objetivos: garantir que deputados possam votar de consci\u00eancia tranquila pelo bem do equil\u00edbrio fiscal do estado e pelo fim de privil\u00e9gios significa melhorias ao cidad\u00e3o, que sempre \u00e9 carente de um servi\u00e7o p\u00fablico mais eficiente e de melhor qualidade\u201d.<\/p>\n<p style=\"text-align: justify;\">Parlamentares \u2013 Ap\u00f3s a manifesta\u00e7\u00e3o, o deputado Nilso Berlanda (PL) parabenizou a atua\u00e7\u00e3o das emissoras e seus profissionais durante a pandemia. \u201cIsolada em casa, foi por meio do r\u00e1dio que a popula\u00e7\u00e3o recebeu as informa\u00e7\u00f5es necess\u00e1rias e n\u00e3o ficou sem informa\u00e7\u00e3o. A imprensa se desdobrou para levar esse servi\u00e7o\u201d. O presidente da Alesc, deputado Mauro de Nadal (MDB), lembrou os v\u00e1rios momentos em que o r\u00e1dio \u00e9 essencial, levando a not\u00edcia, utilidade p\u00fablica e o entretenimento. \u201cO r\u00e1dio faz parte da nossa hist\u00f3ria de vida\u201d. J\u00e1 o deputado M\u00e1rcio Machado (PL) enalteceu o conv\u00eanio que a Alesc tem com a ACAERT para a divulga\u00e7\u00e3o de informa\u00e7\u00f5es da casa. \u201cO povo precisa ter um maior conhecimento da atua\u00e7\u00e3o do parlamento catarinense\u201d.<\/p>\n<p style=\"text-align: justify;\">Para o secret\u00e1rio de Comunica\u00e7\u00e3o de Santa Catarina, jornalista Jo\u00e3o Cavalazzi, a ACAERT \u00e9 sin\u00f4nimo de credibilidade. \u201cVivemos num momento em que a sociedade precisa, mais do que nunca, de informa\u00e7\u00e3o de qualidade, produzida por profissionais que se preocupam com a \u00e9tica. E a entidade faz isso\u201d. Ele elogiou tamb\u00e9m o combate \u00e0 fake news. \u201cO jornalismo s\u00e9rio \u00e9 fundamental e imprescind\u00edvel para a vida social e para o pr\u00f3prio estado democr\u00e1tico e de direito\u201d.<\/p>\n<p>&nbsp;<\/p>\n<p><img fetchpriority=\"high\" decoding=\"async\" class=\"aligncenter size-full wp-image-15659\" src=\"https:\/\/www.sertsc.org.br\/site\/wp-content\/uploads\/2021\/06\/WhatsApp-Image-2021-06-17-at-14.55.57.jpeg\" alt=\"\" width=\"1280\" height=\"720\" \/><\/p>\n<p>&nbsp;<\/p>\n<p><img decoding=\"async\" class=\"aligncenter size-full wp-image-15660\" src=\"https:\/\/www.sertsc.org.br\/site\/wp-content\/uploads\/2021\/06\/WhatsApp-Image-2021-06-17-at-14.55.56.jpeg\" alt=\"\" width=\"1280\" height=\"853\" \/><\/p>\n<p>&nbsp;<\/p>\n<p>Fonte: ACAERT<\/p>\n","protected":false},"excerpt":{"rendered":"<p>Mensagem Anual do Segmento da Comunica\u00e7\u00e3o catarinense foi apresentada pelo&hellip;<\/p>\n<p> <a class=\"more-link\" href=\"https:\/\/sertsc.org.br\/site\/acaert-apresenta-atuacao-do-radio-e-da-tv-durante-a-pandemia-da-covid-19-na-alesc\/\">Leia mais<\/a><\/p>\n","protected":false},"author":1,"featured_media":15660,"comment_status":"open","ping_status":"open","sticky":false,"template":"","format":"standard","meta":{"footnotes":""},"categories":[3],"tags":[],"class_list":{"0":"post-15658","1":"post","2":"type-post","3":"status-publish","4":"format-standard","5":"has-post-thumbnail","7":"category-noticias"},"_links":{"self":[{"href":"https:\/\/sertsc.org.br\/site\/wp-json\/wp\/v2\/posts\/15658","targetHints":{"allow":["GET"]}}],"collection":[{"href":"https:\/\/sertsc.org.br\/site\/wp-json\/wp\/v2\/posts"}],"about":[{"href":"https:\/\/sertsc.org.br\/site\/wp-json\/wp\/v2\/types\/post"}],"author":[{"embeddable":true,"href":"https:\/\/sertsc.org.br\/site\/wp-json\/wp\/v2\/users\/1"}],"replies":[{"embeddable":true,"href":"https:\/\/sertsc.org.br\/site\/wp-json\/wp\/v2\/comments?post=15658"}],"version-history":[{"count":0,"href":"https:\/\/sertsc.org.br\/site\/wp-json\/wp\/v2\/posts\/15658\/revisions"}],"wp:featuredmedia":[{"embeddable":true,"href":"https:\/\/sertsc.org.br\/site\/wp-json\/"}],"wp:attachment":[{"href":"https:\/\/sertsc.org.br\/site\/wp-json\/wp\/v2\/media?parent=15658"}],"wp:term":[{"taxonomy":"category","embeddable":true,"href":"https:\/\/sertsc.org.br\/site\/wp-json\/wp\/v2\/categories?post=15658"},{"taxonomy":"post_tag","embeddable":true,"href":"https:\/\/sertsc.org.br\/site\/wp-json\/wp\/v2\/tags?post=15658"}],"curies":[{"name":"wp","href":"https:\/\/api.w.org\/{rel}","templated":true}]}}