{"id":15649,"date":"2021-06-16T09:13:20","date_gmt":"2021-06-16T12:13:20","guid":{"rendered":"https:\/\/www.sertsc.org.br\/site\/?p=15649"},"modified":"2021-06-16T09:13:20","modified_gmt":"2021-06-16T12:13:20","slug":"ministro-diz-que-ainda-nao-existe-5g-no-brasil-e-que-estrategia-das-teles-confunde","status":"publish","type":"post","link":"https:\/\/sertsc.org.br\/site\/ministro-diz-que-ainda-nao-existe-5g-no-brasil-e-que-estrategia-das-teles-confunde\/","title":{"rendered":"Ministro diz que ainda n\u00e3o existe 5G no Brasil e que estrat\u00e9gia das teles confunde"},"content":{"rendered":"<div class=\"td-author-by\" style=\"text-align: justify;\">Por\u00a0\u00a0<a href=\"https:\/\/teletime.com.br\/author\/marcosurupa\/\" rel=\"follow\" data-wpel-link=\"internal\">Marcos Urup\u00e1<\/a><\/div>\n<div class=\"td-author-line\">\n<p style=\"text-align: justify;\">Rec\u00e9m chegado de sua viagem aos Estados Unidos para a &#8220;Miss\u00e3o 5G&#8221;, o ministro da Comunica\u00e7\u00f5es Fabio Faria afirmou mais uma vez que o Brasil ainda n\u00e3o tem a tecnologia 5G em funcionamento, dizendo que existe hoje \u00e9 um &#8220;4G plus, um 4G ampliado&#8221;.\u00a0<a href=\"https:\/\/teletime.com.br\/13\/05\/2021\/fabio-faria-quer-que-operadoras-parem-de-chamar-dss-de-5g\/\" target=\"_blank\" rel=\"noreferrer noopener follow\" data-wpel-link=\"internal\">Ele citou o of\u00edcio enviado para as operadoras e para a Anatel<\/a>\u00a0pedindo que retirem dos aparelhos celulares o \u00edcone do 5G, alegando que isso estaria causando &#8220;muita confus\u00e3o&#8221; entre os consumidores.<\/p>\n<p style=\"text-align: justify;\">Segundo o ministro, o 5G &#8220;de verdade&#8221; s\u00f3 estaria dispon\u00edvel ap\u00f3s o leil\u00e3o, com as novas frequ\u00eancias dedicadas especificamente para a tecnologia. &#8220;Em breve, ser\u00e1 votado no Tribunal de Contas das Uni\u00e3o o edital do 5G. E depois ele vai para a Anatel publicar e realizar o leil\u00e3o.\u00a0<a href=\"https:\/\/teletime.com.br\/16\/12\/2020\/tim-anuncia-5g-dss-em-12-cidades-veja-quais-terao-servico-em-2020\/\" target=\"_blank\" rel=\"noreferrer noopener follow\" data-wpel-link=\"internal\">Aonde [sic] n\u00f3s vamos diminuir o deserto digital. Em todas as capitais, teremos 5G at\u00e9 o ano que vem<\/a>&#8220;, disse Faria.<\/p>\n<p style=\"text-align: justify;\">&#8220;O 5G \u00e9 muito diferente do 4G. Vamos ter velocidades quase 100 vezes maior, al\u00e9m de uma lat\u00eancia muito baixa. Teremos um ganho de produtividade com o 5G&#8221;, ressaltou.<\/p>\n<p style=\"text-align: justify;\">&#8220;O que temos hoje no Brasil n\u00e3o \u00e9 5G. \u00c9 apenas 4G plus. E isso est\u00e1 confundindo a cabe\u00e7a das pessoas. \u00c9 um teste, sempre que muda do 3G para o 4G, do 4G para o 5G. Isso \u00e9 apenas uma modifica\u00e7\u00e3o e pedi para as teles que retirem o 5G dos aparelhos de celular, para n\u00e3o frustrar expectativas dos brasileiros em torno da tecnologia que est\u00e1 por vir&#8221;, afirmou Fabio Faria.<\/p>\n<p style=\"text-align: justify;\">O ministro das Comunica\u00e7\u00f5es j\u00e1 tinha falado sobre o assunto, em maio. Na ocasi\u00e3o, ele tamb\u00e9m pediu a reformula\u00e7\u00e3o das pe\u00e7as publicit\u00e1rias das operadoras. O ministro se referia ao\u00a0<a href=\"https:\/\/teletime.com.br\/05\/03\/2021\/terminais-compativeis-com-5g-dss-representam-1-dos-acessos-na-claro\/\" target=\"_blank\" rel=\"noreferrer noopener follow\" data-wpel-link=\"internal\">5G DSS (Dynamic Spectrum Sharing), que traduzido para o portugu\u00eas \u00e9 significa compartilhamento din\u00e2mico de espectro<\/a>, que utiliza partes essenciais da tecnologia do 5G, como o 5G NR (que \u00e9 a forma como o sinal de r\u00e1dio \u00e9 modulado e transmitido), mas compartilha as frequ\u00eancias do 4G. A designa\u00e7\u00e3o de 5G para o DSS \u00e9 prevista pelo 3GPP, que padroniza os padr\u00f5es de tecnologias m\u00f3veis. Por sua vez, o pr\u00f3prio mercado j\u00e1 utiliza a alcunha &#8220;4G plus&#8221;, ou &#8220;4,5G&#8221; para se referir \u00e0 tecnologia LTE-Advanced, ou seja, com agrega\u00e7\u00e3o de portadoras de espectro (como a combina\u00e7\u00e3o de faixas de 700 MHz e de 2,5 GHz, por exemplo), mas utilizando a tecnologia LTE (t\u00edpica do 4G).<\/p>\n<p style=\"text-align: justify;\">Por\u00e9m,\u00a0<a href=\"https:\/\/teletime.com.br\/13\/05\/2021\/reclamacao-de-ministro-sobre-uso-do-icone-5g-conflita-com-definicoes-do-3gpp\/\" target=\"_blank\" rel=\"noreferrer noopener follow\" data-wpel-link=\"internal\">conforme j\u00e1 mostrou<\/a>\u00a0<strong>TELETIME<\/strong>, tamb\u00e9m a exibi\u00e7\u00e3o do \u00edcone de 5G no status da rede \u00e9 normatizada pelo 3GPP, que admite a exibi\u00e7\u00e3o desta identifica\u00e7\u00e3o quando o celular estiver conectado a uma rede 5G na\u00a0<a href=\"https:\/\/teletime.com.br\/05\/03\/2021\/terminais-compativeis-com-5g-dss-representam-1-dos-acessos-na-claro\/\" target=\"_blank\" rel=\"noreferrer noopener follow\" data-wpel-link=\"internal\">modalidade DSS, que utiliza frequ\u00eancias do 4G<\/a>. Para as operadoras, mudar essa programa\u00e7\u00e3o requer uma interven\u00e7\u00e3o em todas as ERBs, ou uma reprograma\u00e7\u00e3o dos aparelhos que precisaria ser feita pelos fabricantes de handsets, que inclusive j\u00e1 tem utilizado o 5G como um atributo na venda de aparelhos de \u00faltima gera\u00e7\u00e3o.<\/p>\n<\/div>\n","protected":false},"excerpt":{"rendered":"<p>Por\u00a0\u00a0Marcos Urup\u00e1 Rec\u00e9m chegado de sua viagem aos Estados Unidos&hellip;<\/p>\n<p> <a class=\"more-link\" href=\"https:\/\/sertsc.org.br\/site\/ministro-diz-que-ainda-nao-existe-5g-no-brasil-e-que-estrategia-das-teles-confunde\/\">Leia mais<\/a><\/p>\n","protected":false},"author":1,"featured_media":15650,"comment_status":"open","ping_status":"open","sticky":false,"template":"","format":"standard","meta":{"footnotes":""},"categories":[3],"tags":[],"class_list":{"0":"post-15649","1":"post","2":"type-post","3":"status-publish","4":"format-standard","5":"has-post-thumbnail","7":"category-noticias"},"_links":{"self":[{"href":"https:\/\/sertsc.org.br\/site\/wp-json\/wp\/v2\/posts\/15649","targetHints":{"allow":["GET"]}}],"collection":[{"href":"https:\/\/sertsc.org.br\/site\/wp-json\/wp\/v2\/posts"}],"about":[{"href":"https:\/\/sertsc.org.br\/site\/wp-json\/wp\/v2\/types\/post"}],"author":[{"embeddable":true,"href":"https:\/\/sertsc.org.br\/site\/wp-json\/wp\/v2\/users\/1"}],"replies":[{"embeddable":true,"href":"https:\/\/sertsc.org.br\/site\/wp-json\/wp\/v2\/comments?post=15649"}],"version-history":[{"count":0,"href":"https:\/\/sertsc.org.br\/site\/wp-json\/wp\/v2\/posts\/15649\/revisions"}],"wp:featuredmedia":[{"embeddable":true,"href":"https:\/\/sertsc.org.br\/site\/wp-json\/"}],"wp:attachment":[{"href":"https:\/\/sertsc.org.br\/site\/wp-json\/wp\/v2\/media?parent=15649"}],"wp:term":[{"taxonomy":"category","embeddable":true,"href":"https:\/\/sertsc.org.br\/site\/wp-json\/wp\/v2\/categories?post=15649"},{"taxonomy":"post_tag","embeddable":true,"href":"https:\/\/sertsc.org.br\/site\/wp-json\/wp\/v2\/tags?post=15649"}],"curies":[{"name":"wp","href":"https:\/\/api.w.org\/{rel}","templated":true}]}}