{"id":15645,"date":"2021-06-16T09:09:06","date_gmt":"2021-06-16T12:09:06","guid":{"rendered":"https:\/\/www.sertsc.org.br\/site\/?p=15645"},"modified":"2021-06-16T09:09:06","modified_gmt":"2021-06-16T12:09:06","slug":"abratel-sancao-da-mp-1-018-e-um-avanco-para-setor-de-radiodifusao","status":"publish","type":"post","link":"https:\/\/sertsc.org.br\/site\/abratel-sancao-da-mp-1-018-e-um-avanco-para-setor-de-radiodifusao\/","title":{"rendered":"Abratel: san\u00e7\u00e3o da MP 1.018 \u00e9 um avan\u00e7o para setor de radiodifus\u00e3o"},"content":{"rendered":"<p style=\"text-align: justify;\">O presidente da Abratel, Marcio Novaes,\u00a0<a href=\"https:\/\/www.congressonacional.leg.br\/materias\/medidas-provisorias\/-\/mpv\/146090\" target=\"_blank\" rel=\"noreferrer noopener nofollow external\" data-wpel-link=\"external\">celebrou a san\u00e7\u00e3o da MP 1.018\/2020<\/a>, que traz uma s\u00e9rie de mudan\u00e7as no setor de comunica\u00e7\u00f5es, dentre elas, a autoriza\u00e7\u00e3o para as retransmissoras de r\u00e1dio e TV da Amaz\u00f4nia Legal e das em regi\u00f5es de fronteira de desenvolvimento aumentarem o conte\u00fado jornal\u00edstico.<\/p>\n<p style=\"text-align: justify;\"><a href=\"https:\/\/teletime.com.br\/15\/06\/2021\/radiodifusao-ganha-destaque-na-sancao-da-mp-de-telecomunicacoes\/\" target=\"_blank\" rel=\"noreferrer noopener follow\" data-wpel-link=\"internal\">Com esta medida, as emissoras pertencentes \u00e0s concession\u00e1rias de televis\u00e3o<\/a>\u00a0ter\u00e3o a possibilidade de inserir tr\u00eas horas de programa\u00e7\u00e3o di\u00e1ria de conte\u00fado jornal\u00edstico e noticioso, al\u00e9m de 15% de programa\u00e7\u00e3o local j\u00e1 autorizada para a regi\u00e3o da Amaz\u00f4nia Legal.<\/p>\n<p style=\"text-align: justify;\">&#8220;Embora tenha tido veto parcial, a san\u00e7\u00e3o da MP 1018\/2020 se traduz numa grande conquista para os radiodifusores brasileiros. A Lei ir\u00e1 possibilitar que a informa\u00e7\u00e3o profissional e o conte\u00fado de qualidade possam chegar a locais distantes que contam com uma cobertura local deficiente de comunica\u00e7\u00e3o, como \u00e9 o caso da Amaz\u00f4nia Legal&#8221;, afirmou M\u00e1rcio Novaes.<\/p>\n<div class=\"related-post grid\">\n<div style=\"text-align: justify;\">A san\u00e7\u00e3o ocorreu em evento simb\u00f3lico no Pal\u00e1cio do Planalto e contou com a presen\u00e7a do ministro das Comunica\u00e7\u00f5es, F\u00e1bio Faria, que ressaltou a import\u00e2ncia da medida provis\u00f3ria para as emissoras brasileiras. &#8220;Essa MP significa a possibilidade de mais conte\u00fado nas fronteiras e maior flexibilidade na gest\u00e3o local das emissoras&#8221;, enfatizou Faria.<\/div>\n<\/div>\n","protected":false},"excerpt":{"rendered":"<p>O presidente da Abratel, Marcio Novaes,\u00a0celebrou a san\u00e7\u00e3o da MP&hellip;<\/p>\n<p> <a class=\"more-link\" href=\"https:\/\/sertsc.org.br\/site\/abratel-sancao-da-mp-1-018-e-um-avanco-para-setor-de-radiodifusao\/\">Leia mais<\/a><\/p>\n","protected":false},"author":1,"featured_media":15646,"comment_status":"open","ping_status":"open","sticky":false,"template":"","format":"standard","meta":{"footnotes":""},"categories":[3],"tags":[],"class_list":{"0":"post-15645","1":"post","2":"type-post","3":"status-publish","4":"format-standard","5":"has-post-thumbnail","7":"category-noticias"},"_links":{"self":[{"href":"https:\/\/sertsc.org.br\/site\/wp-json\/wp\/v2\/posts\/15645","targetHints":{"allow":["GET"]}}],"collection":[{"href":"https:\/\/sertsc.org.br\/site\/wp-json\/wp\/v2\/posts"}],"about":[{"href":"https:\/\/sertsc.org.br\/site\/wp-json\/wp\/v2\/types\/post"}],"author":[{"embeddable":true,"href":"https:\/\/sertsc.org.br\/site\/wp-json\/wp\/v2\/users\/1"}],"replies":[{"embeddable":true,"href":"https:\/\/sertsc.org.br\/site\/wp-json\/wp\/v2\/comments?post=15645"}],"version-history":[{"count":0,"href":"https:\/\/sertsc.org.br\/site\/wp-json\/wp\/v2\/posts\/15645\/revisions"}],"wp:featuredmedia":[{"embeddable":true,"href":"https:\/\/sertsc.org.br\/site\/wp-json\/"}],"wp:attachment":[{"href":"https:\/\/sertsc.org.br\/site\/wp-json\/wp\/v2\/media?parent=15645"}],"wp:term":[{"taxonomy":"category","embeddable":true,"href":"https:\/\/sertsc.org.br\/site\/wp-json\/wp\/v2\/categories?post=15645"},{"taxonomy":"post_tag","embeddable":true,"href":"https:\/\/sertsc.org.br\/site\/wp-json\/wp\/v2\/tags?post=15645"}],"curies":[{"name":"wp","href":"https:\/\/api.w.org\/{rel}","templated":true}]}}