{"id":15640,"date":"2021-06-16T09:06:01","date_gmt":"2021-06-16T12:06:01","guid":{"rendered":"https:\/\/www.sertsc.org.br\/site\/?p=15640"},"modified":"2021-06-16T09:06:01","modified_gmt":"2021-06-16T12:06:01","slug":"radiodifusao-ganha-destaque-na-sancao-da-mp-de-telecomunicacoes","status":"publish","type":"post","link":"https:\/\/sertsc.org.br\/site\/radiodifusao-ganha-destaque-na-sancao-da-mp-de-telecomunicacoes\/","title":{"rendered":"Radiodifus\u00e3o ganha destaque na san\u00e7\u00e3o da MP de telecomunica\u00e7\u00f5es"},"content":{"rendered":"<p style=\"text-align: justify;\">Apesar de a\u00a0<a href=\"https:\/\/www.congressonacional.leg.br\/materias\/medidas-provisorias\/-\/mpv\/146090\" target=\"_blank\" rel=\"noreferrer noopener nofollow external\" data-wpel-link=\"external\">Medida Provis\u00f3ria 1.018\/2020<\/a>\u00a0tratar de temas relacionados\u00a0<a href=\"https:\/\/teletime.com.br\/26\/05\/2021\/camara-aprova-mp-do-fistel-que-altera-fust-e-nao-enquadra-streaming-na-condecine-titulo\/\" target=\"_blank\" rel=\"noreferrer noopener follow\" data-wpel-link=\"internal\">\u00e0 redu\u00e7\u00e3o de tributos no setor de telecomunica\u00e7\u00f5es<\/a>, o setor que mais recebeu destaque na solenidade de san\u00e7\u00e3o do texto, que aconteceu na tarde desta ter\u00e7a-feira, 15, foi o setor de radiodifus\u00e3o. As regras contidas na MP se somam \u00e0 uma pol\u00edtica do governo de desburocratizar o setor.<\/p>\n<p style=\"text-align: justify;\">O texto sancionado pelo presidente Jair Bolsonaro prev\u00ea em seu art. 8\u00ba uma amplia\u00e7\u00e3o do tempo de inser\u00e7\u00f5es locais de conte\u00fados jornal\u00edsticos e de publicidade para as esta\u00e7\u00f5es retransmissoras pertencentes a empresas concession\u00e1rias do servi\u00e7o instaladas em munic\u00edpios situados nas regi\u00f5es de fronteira de desenvolvimento do Pa\u00eds, hoje compreendidas pela Amaz\u00f4nia Legal e Fernando de Noronha. Isso pode mudar mediante decis\u00e3o discrion\u00e1ria do MCom.<\/p>\n<p style=\"text-align: justify;\">Agora, a inser\u00e7\u00e3o de conte\u00fado destinado ao servi\u00e7o jornal\u00edstico e noticioso local fica limitada para at\u00e9 3 horas di\u00e1rias, e as inser\u00e7\u00f5es de publicidade ter\u00e3o dura\u00e7\u00e3o m\u00e1xima igual e coincidente com os espa\u00e7os de tempo destinados \u00e0 publicidade transmitida pela emissora cabe\u00e7a de rede, que ceder\u00e1 os sinais a serem retransmitidos.<\/p>\n<p style=\"text-align: justify;\">Antes, nessas \u00e1reas, o tempo total de inser\u00e7\u00e3o local, que inclu\u00eda conte\u00fados jornal\u00edsticos e publicidade, deveria compreender at\u00e9 15% de programa\u00e7\u00e3o, ou seja, 3h36m, considerando um total de 24h.<\/p>\n<h2 style=\"text-align: justify;\">Desburocratiza\u00e7\u00e3o<\/h2>\n<p style=\"text-align: justify;\">Segundo o ministro das Comunica\u00e7\u00f5es Fabio Faria, a medida \u00e9 uma forma de desburocratizar o setor de radiodifus\u00e3o, que espera h\u00e1 tempos por medidas mais flex\u00edveis. &#8220;Hoje \u00e9 um dia hist\u00f3rico (\u2026) que significa muito para todo o setor de radiodifus\u00e3o. \u00c9 ordem do presidente agir com rapidez, de desburocratizar a m\u00e1quina&#8221;.<\/p>\n<p style=\"text-align: justify;\">Desburocratiza\u00e7\u00e3o da radiodifus\u00e3o tamb\u00e9m foi outro aspecto destacado pelo deputado Cezinha Madureira (PSD-SP). &#8220;Este setor que est\u00e1 aqui hoje espera mudan\u00e7as desde 1962&#8221;, disse o parlamentar.<\/p>\n<h2 style=\"text-align: justify;\">Agenda<\/h2>\n<p style=\"text-align: justify;\">Um fato curioso no discurso do ministro Fabio Faria \u00e9 que na cerim\u00f4nia de uma MP que tinha como foco central a redu\u00e7\u00e3o de taxas para o setor de telecomunica\u00e7\u00f5es, praticamente todas as sauda\u00e7\u00f5es foram direcionadas para o setor de radiodifus\u00e3o. Inclusive os destaques da agenda do governo foram focadas nas a\u00e7\u00f5es para a radiodifus\u00e3o.<\/p>\n<p style=\"text-align: justify;\"><a href=\"https:\/\/telaviva.com.br\/18\/09\/2020\/governo-prepara-debate-sobre-marco-legal-da-radiodifusao-em-2021\/\" target=\"_blank\" rel=\"noreferrer noopener nofollow external\" data-wpel-link=\"external\">Faria destacou todas as a\u00e7\u00f5es que o governo Bolsonaro fez direcionada para os radiodifusores<\/a>, como a libera\u00e7\u00e3o do uso do r\u00e1dio FM por meio do aparelho celular;\u00a0<a href=\"https:\/\/telaviva.com.br\/28\/07\/2020\/portaria-do-ministerio-das-comunicacoes-autoriza-dtv-play-nas-smart-tvs-a-partir-de-2021\/\" target=\"_blank\" rel=\"noreferrer noopener nofollow external\" data-wpel-link=\"external\">o Ginga-D, que promete melhorar a navegabilidade nos servi\u00e7os da TV digital aberta<\/a>; a cobertura nas rodovias federais com r\u00e1dios FMs; e a migra\u00e7\u00e3o das r\u00e1dios AM para FM.<\/p>\n<p style=\"text-align: justify;\">Al\u00e9m disso, o ministro das Comunica\u00e7\u00f5es informou que o governo est\u00e1 elaborando uma Medida Provis\u00f3ria para desburocratizar as r\u00e1dios comunit\u00e1rias. &#8220;Est\u00e1vamos hoje com o ministro da Casa Civil e alguns donos de r\u00e1dios comunit\u00e1rias. Vamos conversar com a Casa Civil para tentar entender e fazer uma MP, junto com o setor de r\u00e1dio comunit\u00e1rias&#8221;, afirmou. Faria tamb\u00e9m informou que o governo Bolsonaro j\u00e1 entregou 72 novas outorgas de r\u00e1dio comunit\u00e1rias.<\/p>\n<p style=\"text-align: justify;\">O chefe da pasta ainda utilizou o momento para citar aliados do presidente. &#8220;\u00c9 importante que no fim da linha a sua voz chegue, presidente&#8221;.<\/p>\n<p>&nbsp;<\/p>\n<p><a href=\"https:\/\/www.youtube.com\/watch?v=9BgLZFpM7-I&amp;t=129s\"><img fetchpriority=\"high\" decoding=\"async\" class=\"size-full wp-image-15641 alignleft\" src=\"https:\/\/www.sertsc.org.br\/site\/wp-content\/uploads\/2021\/06\/Sem-titulo.jpg\" alt=\"\" width=\"645\" height=\"344\" \/><\/a><\/p>\n<p>&nbsp;<\/p>\n<p>&nbsp;<\/p>\n<p>&nbsp;<\/p>\n<p>&nbsp;<\/p>\n<p>&nbsp;<\/p>\n<p>&nbsp;<\/p>\n<p>&nbsp;<\/p>\n<p>&nbsp;<\/p>\n<p>&nbsp;<\/p>\n<p>&nbsp;<\/p>\n<p>Fonte: Teletime<\/p>\n<p>&nbsp;<\/p>\n<p>&nbsp;<\/p>\n","protected":false},"excerpt":{"rendered":"<p>Apesar de a\u00a0Medida Provis\u00f3ria 1.018\/2020\u00a0tratar de temas relacionados\u00a0\u00e0 redu\u00e7\u00e3o de&hellip;<\/p>\n<p> <a class=\"more-link\" href=\"https:\/\/sertsc.org.br\/site\/radiodifusao-ganha-destaque-na-sancao-da-mp-de-telecomunicacoes\/\">Leia mais<\/a><\/p>\n","protected":false},"author":1,"featured_media":15642,"comment_status":"open","ping_status":"open","sticky":false,"template":"","format":"standard","meta":{"footnotes":""},"categories":[33],"tags":[],"class_list":{"0":"post-15640","1":"post","2":"type-post","3":"status-publish","4":"format-standard","5":"has-post-thumbnail","7":"category-destaques"},"_links":{"self":[{"href":"https:\/\/sertsc.org.br\/site\/wp-json\/wp\/v2\/posts\/15640","targetHints":{"allow":["GET"]}}],"collection":[{"href":"https:\/\/sertsc.org.br\/site\/wp-json\/wp\/v2\/posts"}],"about":[{"href":"https:\/\/sertsc.org.br\/site\/wp-json\/wp\/v2\/types\/post"}],"author":[{"embeddable":true,"href":"https:\/\/sertsc.org.br\/site\/wp-json\/wp\/v2\/users\/1"}],"replies":[{"embeddable":true,"href":"https:\/\/sertsc.org.br\/site\/wp-json\/wp\/v2\/comments?post=15640"}],"version-history":[{"count":0,"href":"https:\/\/sertsc.org.br\/site\/wp-json\/wp\/v2\/posts\/15640\/revisions"}],"wp:featuredmedia":[{"embeddable":true,"href":"https:\/\/sertsc.org.br\/site\/wp-json\/"}],"wp:attachment":[{"href":"https:\/\/sertsc.org.br\/site\/wp-json\/wp\/v2\/media?parent=15640"}],"wp:term":[{"taxonomy":"category","embeddable":true,"href":"https:\/\/sertsc.org.br\/site\/wp-json\/wp\/v2\/categories?post=15640"},{"taxonomy":"post_tag","embeddable":true,"href":"https:\/\/sertsc.org.br\/site\/wp-json\/wp\/v2\/tags?post=15640"}],"curies":[{"name":"wp","href":"https:\/\/api.w.org\/{rel}","templated":true}]}}