{"id":15620,"date":"2021-06-11T09:00:05","date_gmt":"2021-06-11T12:00:05","guid":{"rendered":"https:\/\/www.sertsc.org.br\/site\/?p=15620"},"modified":"2021-06-11T09:00:05","modified_gmt":"2021-06-11T12:00:05","slug":"radio-acompanha-retomada-economica-nos-eua","status":"publish","type":"post","link":"https:\/\/sertsc.org.br\/site\/radio-acompanha-retomada-economica-nos-eua\/","title":{"rendered":"R\u00e1dio acompanha retomada econ\u00f4mica nos EUA"},"content":{"rendered":"<p style=\"text-align: justify;\">Habitantes de pa\u00edses que est\u00e3o controlando a pandemia de COVID-19 v\u00eam mantendo o h\u00e1bito de ouvir r\u00e1dio na rotina de retomada. Essa \u00e9 a conclus\u00e3o de um levantamento da rede de r\u00e1dio Westwood One, bra\u00e7o norte-americano da Cumulus Media, com base em um estudo em andamento feito pela Nielsen. Os dados apontam que a rea\u00e7\u00e3o econ\u00f4mica ser\u00e1 favor\u00e1vel tamb\u00e9m ao meio.<\/p>\n<p style=\"text-align: justify;\">Segundo o estudo, o grupo que mant\u00e9m a audi\u00eancia radiof\u00f4nica em dia est\u00e1 mais propensa, por exemplo, a investir em viagens, restaurantes, compra de ve\u00edculos: 24% dos ouvintes de r\u00e1dio AM \/ FM pretendem planejar ou reservar f\u00e9rias dentro de um m\u00eas ap\u00f3s a COVID-19 diminuir em sua regi\u00e3o.<\/p>\n<p style=\"text-align: justify;\">Os dados levam em conta a popula\u00e7\u00e3o dos Estados Unidos, pa\u00eds que j\u00e1 atingiu patamar mais elevado de imuniza\u00e7\u00e3o e estabeleceu medidas graduais de flexibiliza\u00e7\u00e3o. Os mil participantes da pesquisa, realizada em mar\u00e7o, foram divididos em tr\u00eas diferentes categorias de retomada econ\u00f4mica: \u201cespere para ver&#8221;, &#8220;prossiga com cautela&#8221; e &#8220;pronto para ir&#8221;.<\/p>\n<p style=\"text-align: justify;\">Do total, 61% disseram estar \u201cprontos para come\u00e7ar\u201d. Em abril de 2020, apenas 34% fizeram essa mesma afirma\u00e7\u00e3o.<\/p>\n<p style=\"text-align: justify;\">Outro apontamento do estudo \u00e9 que os consumidores que se consideram \u201cprontos para ir\u201d s\u00e3o mais propensos a ouvir r\u00e1dio AM \/ FM, em compara\u00e7\u00e3o com os outros dois grupos mais hesitantes.<\/p>\n<p style=\"text-align: justify;\">Esses ouvintes tamb\u00e9m s\u00e3o consumidores desej\u00e1veis para as marcas: t\u00eam filhos com idades entre 2 a 11 anos (117), renda anual superior a US$ 100 mil (113) e trabalham fora de casa (114).<\/p>\n<p style=\"text-align: justify;\">Para a diretora de marketing de conte\u00fado da Cumulus Media, Lauren Vetrano, \u201cembora a turbul\u00eancia do ano passado tenha confundido muitos setores, o ressurgimento \u00e9 uma chance para os anunciantes otimizarem seus or\u00e7amentos de publicidade e se concentrarem em maneiras de alcan\u00e7ar consumidores que est\u00e3o prontos para gastar&#8221;.<\/p>\n<p>&nbsp;<\/p>\n<p>Fonte: Abert<\/p>\n","protected":false},"excerpt":{"rendered":"<p>Habitantes de pa\u00edses que est\u00e3o controlando a pandemia de COVID-19&hellip;<\/p>\n<p> <a class=\"more-link\" href=\"https:\/\/sertsc.org.br\/site\/radio-acompanha-retomada-economica-nos-eua\/\">Leia mais<\/a><\/p>\n","protected":false},"author":1,"featured_media":15621,"comment_status":"open","ping_status":"open","sticky":false,"template":"","format":"standard","meta":{"footnotes":""},"categories":[3],"tags":[],"class_list":{"0":"post-15620","1":"post","2":"type-post","3":"status-publish","4":"format-standard","5":"has-post-thumbnail","7":"category-noticias"},"_links":{"self":[{"href":"https:\/\/sertsc.org.br\/site\/wp-json\/wp\/v2\/posts\/15620","targetHints":{"allow":["GET"]}}],"collection":[{"href":"https:\/\/sertsc.org.br\/site\/wp-json\/wp\/v2\/posts"}],"about":[{"href":"https:\/\/sertsc.org.br\/site\/wp-json\/wp\/v2\/types\/post"}],"author":[{"embeddable":true,"href":"https:\/\/sertsc.org.br\/site\/wp-json\/wp\/v2\/users\/1"}],"replies":[{"embeddable":true,"href":"https:\/\/sertsc.org.br\/site\/wp-json\/wp\/v2\/comments?post=15620"}],"version-history":[{"count":0,"href":"https:\/\/sertsc.org.br\/site\/wp-json\/wp\/v2\/posts\/15620\/revisions"}],"wp:featuredmedia":[{"embeddable":true,"href":"https:\/\/sertsc.org.br\/site\/wp-json\/"}],"wp:attachment":[{"href":"https:\/\/sertsc.org.br\/site\/wp-json\/wp\/v2\/media?parent=15620"}],"wp:term":[{"taxonomy":"category","embeddable":true,"href":"https:\/\/sertsc.org.br\/site\/wp-json\/wp\/v2\/categories?post=15620"},{"taxonomy":"post_tag","embeddable":true,"href":"https:\/\/sertsc.org.br\/site\/wp-json\/wp\/v2\/tags?post=15620"}],"curies":[{"name":"wp","href":"https:\/\/api.w.org\/{rel}","templated":true}]}}