{"id":15611,"date":"2021-06-11T08:24:43","date_gmt":"2021-06-11T11:24:43","guid":{"rendered":"https:\/\/www.sertsc.org.br\/site\/?p=15611"},"modified":"2021-06-11T08:24:43","modified_gmt":"2021-06-11T11:24:43","slug":"comunicado","status":"publish","type":"post","link":"https:\/\/sertsc.org.br\/site\/comunicado\/","title":{"rendered":"Comunicado"},"content":{"rendered":"<p style=\"text-align: justify;\">Como representante legal das emissoras de r\u00e1dio e TV aberta de Santa Catarina, o SERT\/SC expressa seu apoio \u00e0 nota emitida no dia 9\/6\/2021 pela Associa\u00e7\u00e3o Brasileira de Emissoras de R\u00e1dio e Televis\u00e3o &#8211; ABERT a respeito da preocupa\u00e7\u00e3o com a poss\u00edvel investiga\u00e7\u00e3o de que podem ser alvo os canais de televis\u00e3o detentores dos direitos de transmiss\u00e3o da CONMEBOL Copa Am\u00e9rica.<\/p>\n<p style=\"text-align: justify;\">O SERT\/SC defende a liberdade de programa\u00e7\u00e3o das emissoras e o direito dos brasileiros de terem acesso \u00e0 informa\u00e7\u00e3o e entretenimento de maneira livre, aberta e gratuita atrav\u00e9s da radiodifus\u00e3o.<\/p>\n","protected":false},"excerpt":{"rendered":"<p>Como representante legal das emissoras de r\u00e1dio e TV aberta&hellip;<\/p>\n<p> <a class=\"more-link\" href=\"https:\/\/sertsc.org.br\/site\/comunicado\/\">Leia mais<\/a><\/p>\n","protected":false},"author":1,"featured_media":15612,"comment_status":"open","ping_status":"open","sticky":false,"template":"","format":"standard","meta":{"footnotes":""},"categories":[3],"tags":[],"class_list":{"0":"post-15611","1":"post","2":"type-post","3":"status-publish","4":"format-standard","5":"has-post-thumbnail","7":"category-noticias"},"_links":{"self":[{"href":"https:\/\/sertsc.org.br\/site\/wp-json\/wp\/v2\/posts\/15611","targetHints":{"allow":["GET"]}}],"collection":[{"href":"https:\/\/sertsc.org.br\/site\/wp-json\/wp\/v2\/posts"}],"about":[{"href":"https:\/\/sertsc.org.br\/site\/wp-json\/wp\/v2\/types\/post"}],"author":[{"embeddable":true,"href":"https:\/\/sertsc.org.br\/site\/wp-json\/wp\/v2\/users\/1"}],"replies":[{"embeddable":true,"href":"https:\/\/sertsc.org.br\/site\/wp-json\/wp\/v2\/comments?post=15611"}],"version-history":[{"count":0,"href":"https:\/\/sertsc.org.br\/site\/wp-json\/wp\/v2\/posts\/15611\/revisions"}],"wp:featuredmedia":[{"embeddable":true,"href":"https:\/\/sertsc.org.br\/site\/wp-json\/"}],"wp:attachment":[{"href":"https:\/\/sertsc.org.br\/site\/wp-json\/wp\/v2\/media?parent=15611"}],"wp:term":[{"taxonomy":"category","embeddable":true,"href":"https:\/\/sertsc.org.br\/site\/wp-json\/wp\/v2\/categories?post=15611"},{"taxonomy":"post_tag","embeddable":true,"href":"https:\/\/sertsc.org.br\/site\/wp-json\/wp\/v2\/tags?post=15611"}],"curies":[{"name":"wp","href":"https:\/\/api.w.org\/{rel}","templated":true}]}}