{"id":15606,"date":"2021-06-10T08:47:54","date_gmt":"2021-06-10T11:47:54","guid":{"rendered":"https:\/\/www.sertsc.org.br\/site\/?p=15606"},"modified":"2021-06-10T08:47:54","modified_gmt":"2021-06-10T11:47:54","slug":"sert-sc-lanca-assessoria-juridica-personalizada","status":"publish","type":"post","link":"https:\/\/sertsc.org.br\/site\/sert-sc-lanca-assessoria-juridica-personalizada\/","title":{"rendered":"SERT\/SC lan\u00e7a assessoria jur\u00eddica personalizada"},"content":{"rendered":"<p style=\"text-align: justify;\">O SERT\/SC completa 41 anos no dia 22 de junho de 2021 e s\u00e3o os filiados que ganham o presente. \u00c9 dessa forma que a diretoria da entidade lan\u00e7a a assessoria jur\u00eddica personalizada, que busca padronizar, atualizar e aprimorar registros e anota\u00e7\u00f5es dos contratos de trabalho da categoria, al\u00e9m de atribuir maior seguran\u00e7a jur\u00eddica para a rela\u00e7\u00e3o trabalhista e as opera\u00e7\u00f5es.<\/p>\n<p style=\"text-align: justify;\">A assessoria jur\u00eddica personalizada \u00e9 direcionada ao radiodifusor ou respons\u00e1vel pelo departamento pessoal interessado em maximizar o aproveitamento e o resultado da sua atividade.<\/p>\n<p style=\"text-align: justify;\">O assessor do SERT\/SC, Dr. Marcos Ant\u00f4nio Silveira, atender\u00e1 cada empresa por agendamento, de forma individual e on-line. O foco ser\u00e1 a revis\u00e3o e a inclus\u00e3o de cl\u00e1usulas por aditivo contratual de acordo com a legisla\u00e7\u00e3o vigente, adequa\u00e7\u00e3o de nomenclatura conforme atual Decreto, mapeamento de poss\u00edveis inconsist\u00eancias, apresenta\u00e7\u00e3o de alternativas e resposta para d\u00favidas sobre o tema.<\/p>\n<p style=\"text-align: justify;\">&#8220;Estamos muito contentes com mais este servi\u00e7o que o SERT\/SC passa a prestar aos seus filiados. Temos certeza que a amplia\u00e7\u00e3o da assessoria jur\u00eddica far\u00e1 com que as emissoras possam n\u00e3o apenas ter mais seguran\u00e7a nos contratos de trabalho, mas tamb\u00e9m melhores resultados na rela\u00e7\u00e3o com seus colaboradores&#8221;, declarou Ana Paula Melo, presidente do SERT\/SC.<\/p>\n<p style=\"text-align: justify;\">No dia 22 de junho, \u00e0s 15h, ser\u00e1 promovida uma live especial com o Dr. Marcos Ant\u00f4nio Silveira, que apresentar\u00e1 outros detalhes sobre a assessoria jur\u00eddica e responder\u00e1 a d\u00favidas dos filiados. Os interessados devem entrar em contato com a equipe do SERT\/SC atrav\u00e9s do e-mail sert@sertsc.org.br.<\/p>\n<h4 style=\"text-align: center;\"><a href=\"https:\/\/www.sertsc.org.br\/site\/cadastro-live\/\"><strong>CADASTRE-SE AGORA MESMO NA LIVE<\/strong><\/a><\/h4>\n<p style=\"text-align: justify;\"><strong>Sobre o Dr. Marcos Ant\u00f4nio Silveira<\/strong><\/p>\n<p style=\"text-align: justify;\">Profissional com mais 30 anos de experi\u00eancia com ve\u00edculos de comunica\u00e7\u00e3o. Assessor jur\u00eddico do SERT\/SC h\u00e1 mais de 15 anos. Coordenador jur\u00eddico e professor da Faculdade de Tecnologia AEROTD. Graduado em Direito pela Univali, com especializa\u00e7\u00f5es em Processo Civil pela Universidade Federal de Santa Catarina e Direito do Trabalho e Processo do Trabalho pela Associa\u00e7\u00e3o dos Magistrados do Trabalho de Florian\u00f3polis. Foi professor da Universidade Est\u00e1cio de S\u00e1.<\/p>\n<p>&nbsp;<\/p>\n<p><img fetchpriority=\"high\" decoding=\"async\" class=\"aligncenter size-full wp-image-15607\" src=\"https:\/\/www.sertsc.org.br\/site\/wp-content\/uploads\/2021\/06\/2021-6-4-sertsc-live-com-marcos-antonio-silveira.png\" alt=\"\" width=\"1000\" height=\"1000\" \/><\/p>\n","protected":false},"excerpt":{"rendered":"<p>O SERT\/SC completa 41 anos no dia 22 de junho&hellip;<\/p>\n<p> <a class=\"more-link\" href=\"https:\/\/sertsc.org.br\/site\/sert-sc-lanca-assessoria-juridica-personalizada\/\">Leia mais<\/a><\/p>\n","protected":false},"author":1,"featured_media":15607,"comment_status":"open","ping_status":"open","sticky":false,"template":"","format":"standard","meta":{"footnotes":""},"categories":[33],"tags":[],"class_list":{"0":"post-15606","1":"post","2":"type-post","3":"status-publish","4":"format-standard","5":"has-post-thumbnail","7":"category-destaques"},"_links":{"self":[{"href":"https:\/\/sertsc.org.br\/site\/wp-json\/wp\/v2\/posts\/15606","targetHints":{"allow":["GET"]}}],"collection":[{"href":"https:\/\/sertsc.org.br\/site\/wp-json\/wp\/v2\/posts"}],"about":[{"href":"https:\/\/sertsc.org.br\/site\/wp-json\/wp\/v2\/types\/post"}],"author":[{"embeddable":true,"href":"https:\/\/sertsc.org.br\/site\/wp-json\/wp\/v2\/users\/1"}],"replies":[{"embeddable":true,"href":"https:\/\/sertsc.org.br\/site\/wp-json\/wp\/v2\/comments?post=15606"}],"version-history":[{"count":0,"href":"https:\/\/sertsc.org.br\/site\/wp-json\/wp\/v2\/posts\/15606\/revisions"}],"wp:featuredmedia":[{"embeddable":true,"href":"https:\/\/sertsc.org.br\/site\/wp-json\/"}],"wp:attachment":[{"href":"https:\/\/sertsc.org.br\/site\/wp-json\/wp\/v2\/media?parent=15606"}],"wp:term":[{"taxonomy":"category","embeddable":true,"href":"https:\/\/sertsc.org.br\/site\/wp-json\/wp\/v2\/categories?post=15606"},{"taxonomy":"post_tag","embeddable":true,"href":"https:\/\/sertsc.org.br\/site\/wp-json\/wp\/v2\/tags?post=15606"}],"curies":[{"name":"wp","href":"https:\/\/api.w.org\/{rel}","templated":true}]}}