{"id":15602,"date":"2021-06-09T14:47:01","date_gmt":"2021-06-09T17:47:01","guid":{"rendered":"https:\/\/www.sertsc.org.br\/site\/?p=15602"},"modified":"2021-06-09T14:47:01","modified_gmt":"2021-06-09T17:47:01","slug":"otavio-caixeta-e-o-novo-diretor-de-fiscalizacao-da-serad","status":"publish","type":"post","link":"https:\/\/sertsc.org.br\/site\/otavio-caixeta-e-o-novo-diretor-de-fiscalizacao-da-serad\/","title":{"rendered":"Ot\u00e1vio Caixeta \u00e9 o novo diretor de Fiscaliza\u00e7\u00e3o da SERAD"},"content":{"rendered":"<div class=\"elementor-element elementor-element-56856fa1 elementor-widget elementor-widget-theme-post-title elementor-page-title elementor-widget-heading\" data-id=\"56856fa1\" data-element_type=\"widget\" data-widget_type=\"theme-post-title.default\">\n<div class=\"elementor-widget-container\">\n<h1 class=\"elementor-heading-title elementor-size-default\"><\/h1>\n<\/div>\n<\/div>\n<div class=\"elementor-element elementor-element-5b66bc89 texto-blog elementor-widget elementor-widget-theme-post-content\" data-id=\"5b66bc89\" data-element_type=\"widget\" data-widget_type=\"theme-post-content.default\">\n<div class=\"elementor-widget-container\">\n<p style=\"text-align: justify;\">Ot\u00e1vio Viegas Caixeta foi nomeado nesta quarta-feira, 9, para exercer o cargo de diretor do Departamento de Inova\u00e7\u00e3o, Regulamenta\u00e7\u00e3o e Fiscaliza\u00e7\u00e3o da Secretaria de Radiodifus\u00e3o (SERAD) do Minist\u00e9rio das Comunica\u00e7\u00f5es. A informa\u00e7\u00e3o foi publicada no\u00a0<a href=\"https:\/\/www.in.gov.br\/en\/web\/dou\/-\/portarias-de-8-de-junho-de-2021-324397811\" target=\"_blank\" rel=\"noopener noreferrer\">Di\u00e1rio Oficial da Uni\u00e3o.<\/a><\/p>\n<p style=\"text-align: justify;\">Caixeta era chefe de gabinete do atual secret\u00e1rio de Radiodifus\u00e3o, Maximiliano Martinh\u00e3o, fun\u00e7\u00e3o da qual foi agora exonerado. Ele entra no lugar de Rodrigo Cruz Gebrim que assumiu, no final de maio, como assessor na Superintend\u00eancia de Fiscaliza\u00e7\u00e3o da Ag\u00eancia Nacional de Telecomunica\u00e7\u00f5es (Anatel).<\/p>\n<p style=\"text-align: justify;\">Engenheiro Eletricista formado pela Universidade de Bras\u00edlia (UnB), ocupou diversos cargos no Minist\u00e9rio da Ci\u00eancia, Tecnologia e Inova\u00e7\u00f5es, como o de diretor do Departamento de Ecossistemas Inovadores e diretor na Secretaria de Pol\u00edticas Digitais.<\/p>\n<p style=\"text-align: justify;\">Tamb\u00e9m fez parte da Secretaria de Telecomunica\u00e7\u00f5es do Minist\u00e9rio, onde ocupou as posi\u00e7\u00f5es de chefe de gabinete e assessor do secret\u00e1rio. Nesse per\u00edodo, Caixeta trabalhou em projetos de Coopera\u00e7\u00e3o Internacional em TV Digital e na elabora\u00e7\u00e3o e execu\u00e7\u00e3o de pol\u00edticas para a expans\u00e3o das TICs no Brasil.<\/p>\n<p style=\"text-align: justify;\">\n<p>&nbsp;<\/p>\n<p style=\"text-align: justify;\"><em>Fonte: Assessoria de Comunica\u00e7\u00e3o da Abratel<\/em><\/p>\n<\/div>\n<\/div>\n","protected":false},"excerpt":{"rendered":"<p>Ot\u00e1vio Viegas Caixeta foi nomeado nesta quarta-feira, 9, para exercer&hellip;<\/p>\n<p> <a class=\"more-link\" href=\"https:\/\/sertsc.org.br\/site\/otavio-caixeta-e-o-novo-diretor-de-fiscalizacao-da-serad\/\">Leia mais<\/a><\/p>\n","protected":false},"author":1,"featured_media":15603,"comment_status":"open","ping_status":"open","sticky":false,"template":"","format":"standard","meta":{"footnotes":""},"categories":[33],"tags":[],"class_list":{"0":"post-15602","1":"post","2":"type-post","3":"status-publish","4":"format-standard","5":"has-post-thumbnail","7":"category-destaques"},"_links":{"self":[{"href":"https:\/\/sertsc.org.br\/site\/wp-json\/wp\/v2\/posts\/15602","targetHints":{"allow":["GET"]}}],"collection":[{"href":"https:\/\/sertsc.org.br\/site\/wp-json\/wp\/v2\/posts"}],"about":[{"href":"https:\/\/sertsc.org.br\/site\/wp-json\/wp\/v2\/types\/post"}],"author":[{"embeddable":true,"href":"https:\/\/sertsc.org.br\/site\/wp-json\/wp\/v2\/users\/1"}],"replies":[{"embeddable":true,"href":"https:\/\/sertsc.org.br\/site\/wp-json\/wp\/v2\/comments?post=15602"}],"version-history":[{"count":0,"href":"https:\/\/sertsc.org.br\/site\/wp-json\/wp\/v2\/posts\/15602\/revisions"}],"wp:featuredmedia":[{"embeddable":true,"href":"https:\/\/sertsc.org.br\/site\/wp-json\/"}],"wp:attachment":[{"href":"https:\/\/sertsc.org.br\/site\/wp-json\/wp\/v2\/media?parent=15602"}],"wp:term":[{"taxonomy":"category","embeddable":true,"href":"https:\/\/sertsc.org.br\/site\/wp-json\/wp\/v2\/categories?post=15602"},{"taxonomy":"post_tag","embeddable":true,"href":"https:\/\/sertsc.org.br\/site\/wp-json\/wp\/v2\/tags?post=15602"}],"curies":[{"name":"wp","href":"https:\/\/api.w.org\/{rel}","templated":true}]}}