{"id":15552,"date":"2021-06-02T08:47:12","date_gmt":"2021-06-02T11:47:12","guid":{"rendered":"https:\/\/www.sertsc.org.br\/site\/?p=15552"},"modified":"2021-06-02T08:47:12","modified_gmt":"2021-06-02T11:47:12","slug":"organizadores-do-ibc-show-adiam-realizacao-do-evento-para-o-inicio-de-dezembro-em-amsterdam","status":"publish","type":"post","link":"https:\/\/sertsc.org.br\/site\/organizadores-do-ibc-show-adiam-realizacao-do-evento-para-o-inicio-de-dezembro-em-amsterdam\/","title":{"rendered":"Organizadores do IBC Show adiam realiza\u00e7\u00e3o do evento para o in\u00edcio de dezembro, em Amsterdam"},"content":{"rendered":"<p style=\"text-align: justify;\" data-fetch=\"true\">Um dos principais eventos relacionados ao meio da tecnologia e comunica\u00e7\u00e3o mundial teve mais um adiamento. O IBC Show, que estava previsto para ser realizado em setembro, foi reprogramado e ser\u00e1 realizado no RAI Amsterdam Convention Center entre os dias 3 e 6 de dezembro. Os participantes devem ter suas temperaturas verificadas e n\u00e3o deve haver registro f\u00edsico no local.<\/p>\n<div class=\"pp-box-adunit pp-ad-loading pp-type-intext\">\n<div class=\"pp-adunit\">\n<div class=\"pp-ad\">\n<div id=\"P_TUDO_RADIO_INTEXT_01_0\" data-premium=\"\" data-adunit=\"TUDO_RADIO_INTEXT_01\" data-sizes-mobile=\"[[336,280],[300,250]]\" data-sizes-desktop=\"[[336,280],[300,250]]\" data-type=\"intext\" data-fetch=\"true\" data-google-query-id=\"CKvxhuvr-PACFX80uQYdS4wLOg\">\n<p style=\"text-align: justify;\">O CEO do IBC, Michael Crimp, disse que envoltos pelo otimismo sobre a diminui\u00e7\u00e3o da pandemia, o conselho do evento se reuniu. \u201cTemos o prazer de anunciar que decidimos realizar o IBC 2021 em dezembro. Os motivos s\u00e3o principalmente seguran\u00e7a e prontid\u00e3o para se engajar\u201d, ressaltou Crimp.<\/p>\n<p style=\"text-align: justify;\">Crimp tamb\u00e9m disse que \u00e9 importante que os participantes, incluindo os expositores, tenham uma decis\u00e3o final o mais r\u00e1pido poss\u00edvel. De acordo com as informa\u00e7\u00f5es dos organizadores, um grande per\u00edmetro do local que permitir\u00e1 que os participantes se movimentem com mais liberdade.<\/p>\n<p style=\"text-align: justify;\">O CEO disse, ainda, que a decis\u00e3o vai permitir mais vacina\u00e7\u00f5es, sistemas mais claros e mais confian\u00e7a. \u201cTamb\u00e9m tivemos que considerar a capacidade da cadeia de abastecimento de entregar um evento de alta qualidade. Acreditamos que os principais servi\u00e7os, como aeroportos e companhias a\u00e9reas, e hot\u00e9is ter\u00e3o estabelecido opera\u00e7\u00f5es regulares e ser\u00e3o capazes de fornecer um servi\u00e7o mais simplificado em dezembro\u201d, explicou Crimp.<\/p>\n<p style=\"text-align: justify;\"><strong>NAB Show 2021 e Radio Show ter\u00e3o suas vers\u00f5es presenciais em Las Vegas<\/strong><\/p>\n<p style=\"text-align: justify;\">Conforme noticiado pelo\u00a0<strong>tudoradio.com<\/strong>, a National Association of Broadcasters (NAB)\u00a0<strong><a href=\"https:\/\/tudoradio.com\/noticias\/ver\/25432-nab-show-2021-abre-inscricoes-para-evento-presencial-programacao-esta-prevista-para-outubro\">est\u00e1 com inscri\u00e7\u00f5es para o NAB Show 2021 e para o Radio Show em suas vers\u00f5es presenciais<\/a><\/strong>. Os eventos dever\u00e3o receber o p\u00fablico devido ao ritmo de vacina\u00e7\u00e3o nos Estados Unidos, pa\u00eds que vive com uma expectativa de contar com uma situa\u00e7\u00e3o mais normalizada a partir de setembro.<\/p>\n<p style=\"text-align: justify;\">Por enquanto, h\u00e1 uma grande confian\u00e7a do setor na possibilidade de realiza\u00e7\u00e3o do NAB Show 2021 em outubro, conforme enquete recente realizada pela pr\u00f3pria entidade. O NAB Show est\u00e1 previsto para ser realizado de 9 a 13 de outubro de 2021 em Las Vegas e o Radio Show nos dias 13 e 14 do mesmo m\u00eas.<\/p>\n<\/div>\n<p>&nbsp;<\/p>\n<p>Fonte: Tudor\u00e1dio<\/p>\n<\/div>\n<\/div>\n<\/div>\n","protected":false},"excerpt":{"rendered":"<p>Um dos principais eventos relacionados ao meio da tecnologia e&hellip;<\/p>\n<p> <a class=\"more-link\" href=\"https:\/\/sertsc.org.br\/site\/organizadores-do-ibc-show-adiam-realizacao-do-evento-para-o-inicio-de-dezembro-em-amsterdam\/\">Leia mais<\/a><\/p>\n","protected":false},"author":1,"featured_media":15553,"comment_status":"open","ping_status":"open","sticky":false,"template":"","format":"standard","meta":{"footnotes":""},"categories":[3],"tags":[],"class_list":{"0":"post-15552","1":"post","2":"type-post","3":"status-publish","4":"format-standard","5":"has-post-thumbnail","7":"category-noticias"},"_links":{"self":[{"href":"https:\/\/sertsc.org.br\/site\/wp-json\/wp\/v2\/posts\/15552","targetHints":{"allow":["GET"]}}],"collection":[{"href":"https:\/\/sertsc.org.br\/site\/wp-json\/wp\/v2\/posts"}],"about":[{"href":"https:\/\/sertsc.org.br\/site\/wp-json\/wp\/v2\/types\/post"}],"author":[{"embeddable":true,"href":"https:\/\/sertsc.org.br\/site\/wp-json\/wp\/v2\/users\/1"}],"replies":[{"embeddable":true,"href":"https:\/\/sertsc.org.br\/site\/wp-json\/wp\/v2\/comments?post=15552"}],"version-history":[{"count":0,"href":"https:\/\/sertsc.org.br\/site\/wp-json\/wp\/v2\/posts\/15552\/revisions"}],"wp:featuredmedia":[{"embeddable":true,"href":"https:\/\/sertsc.org.br\/site\/wp-json\/"}],"wp:attachment":[{"href":"https:\/\/sertsc.org.br\/site\/wp-json\/wp\/v2\/media?parent=15552"}],"wp:term":[{"taxonomy":"category","embeddable":true,"href":"https:\/\/sertsc.org.br\/site\/wp-json\/wp\/v2\/categories?post=15552"},{"taxonomy":"post_tag","embeddable":true,"href":"https:\/\/sertsc.org.br\/site\/wp-json\/wp\/v2\/tags?post=15552"}],"curies":[{"name":"wp","href":"https:\/\/api.w.org\/{rel}","templated":true}]}}