{"id":15542,"date":"2021-06-01T09:09:22","date_gmt":"2021-06-01T12:09:22","guid":{"rendered":"https:\/\/www.sertsc.org.br\/site\/?p=15542"},"modified":"2021-06-01T09:09:22","modified_gmt":"2021-06-01T12:09:22","slug":"anatel-aberta-consulta-para-eliminacao-de-interferencia-no-segundo-adjacente-em-fm","status":"publish","type":"post","link":"https:\/\/sertsc.org.br\/site\/anatel-aberta-consulta-para-eliminacao-de-interferencia-no-segundo-adjacente-em-fm\/","title":{"rendered":"Anatel: aberta consulta para elimina\u00e7\u00e3o de interfer\u00eancia no segundo adjacente em FM"},"content":{"rendered":"<p style=\"text-align: justify;\">A Ag\u00eancia Nacional de Telecomunica\u00e7\u00f5es (Anatel), publicou, nesta segunda-feira (31), a Consulta P\u00fablica n\u00ba 20, que prop\u00f5e a altera\u00e7\u00e3o das condi\u00e7\u00f5es de prote\u00e7\u00e3o aos canais de FM, mais especificamente a elimina\u00e7\u00e3o da prote\u00e7\u00e3o da interfer\u00eancia relacionada ao segundo adjacente (\u00b1400 kHz).<\/p>\n<p style=\"text-align: justify;\">A proposta surgiu a partir das contribui\u00e7\u00f5es constantes na Consulta P\u00fablica n\u00ba 70 e do Grupo de Trabalho da migra\u00e7\u00e3o AM\/FM, que conta com a participa\u00e7\u00e3o da Abratel, com o objetivo de encontrar solu\u00e7\u00f5es t\u00e9cnicas para o maior n\u00famero poss\u00edvel de canais de FM e RTRFM.<\/p>\n<p style=\"text-align: justify;\">Entre os crit\u00e9rios de prote\u00e7\u00e3o apontados no texto, destaca-se que, quando instalados no mesmo munic\u00edpio, os canais espa\u00e7ados em 400 kHz dever\u00e3o utilizar os filtros para eliminar intermodula\u00e7\u00e3o entre as esta\u00e7\u00f5es.<\/p>\n<p style=\"text-align: justify;\">As contribui\u00e7\u00f5es e sugest\u00f5es fundamentadas e devidamente identificadas devem ser encaminhadas at\u00e9 \u00e0s 23:59 do dia 9 de junho, quarta-feira, por meio do formul\u00e1rio do Sistema Interativo de Acompanhamento de Consulta P\u00fablica (SACP).<\/p>\n<p style=\"text-align: justify;\"><a href=\"https:\/\/sistemas.anatel.gov.br\/SACP\/Contribuicoes\/TextoConsulta.asp?CodProcesso=C2482&amp;Tipo=1&amp;Opcao=andamento\" target=\"_blank\" rel=\"noopener noreferrer\">Clique aqui saber mais sobre a consulta p\u00fablica.<\/a><\/p>\n<p style=\"text-align: justify;\"><em>Assessoria de Comunica\u00e7\u00e3o da Abratel<\/em><br \/>\n<em>Com informa\u00e7\u00f5es da Anatel<\/em><\/p>\n","protected":false},"excerpt":{"rendered":"<p>A Ag\u00eancia Nacional de Telecomunica\u00e7\u00f5es (Anatel), publicou, nesta segunda-feira (31),&hellip;<\/p>\n<p> <a class=\"more-link\" href=\"https:\/\/sertsc.org.br\/site\/anatel-aberta-consulta-para-eliminacao-de-interferencia-no-segundo-adjacente-em-fm\/\">Leia mais<\/a><\/p>\n","protected":false},"author":1,"featured_media":15543,"comment_status":"open","ping_status":"open","sticky":false,"template":"","format":"standard","meta":{"footnotes":""},"categories":[3],"tags":[],"class_list":{"0":"post-15542","1":"post","2":"type-post","3":"status-publish","4":"format-standard","5":"has-post-thumbnail","7":"category-noticias"},"_links":{"self":[{"href":"https:\/\/sertsc.org.br\/site\/wp-json\/wp\/v2\/posts\/15542","targetHints":{"allow":["GET"]}}],"collection":[{"href":"https:\/\/sertsc.org.br\/site\/wp-json\/wp\/v2\/posts"}],"about":[{"href":"https:\/\/sertsc.org.br\/site\/wp-json\/wp\/v2\/types\/post"}],"author":[{"embeddable":true,"href":"https:\/\/sertsc.org.br\/site\/wp-json\/wp\/v2\/users\/1"}],"replies":[{"embeddable":true,"href":"https:\/\/sertsc.org.br\/site\/wp-json\/wp\/v2\/comments?post=15542"}],"version-history":[{"count":0,"href":"https:\/\/sertsc.org.br\/site\/wp-json\/wp\/v2\/posts\/15542\/revisions"}],"wp:featuredmedia":[{"embeddable":true,"href":"https:\/\/sertsc.org.br\/site\/wp-json\/"}],"wp:attachment":[{"href":"https:\/\/sertsc.org.br\/site\/wp-json\/wp\/v2\/media?parent=15542"}],"wp:term":[{"taxonomy":"category","embeddable":true,"href":"https:\/\/sertsc.org.br\/site\/wp-json\/wp\/v2\/categories?post=15542"},{"taxonomy":"post_tag","embeddable":true,"href":"https:\/\/sertsc.org.br\/site\/wp-json\/wp\/v2\/tags?post=15542"}],"curies":[{"name":"wp","href":"https:\/\/api.w.org\/{rel}","templated":true}]}}