{"id":15534,"date":"2021-05-31T11:42:29","date_gmt":"2021-05-31T14:42:29","guid":{"rendered":"https:\/\/www.sertsc.org.br\/site\/?p=15534"},"modified":"2021-05-31T11:42:29","modified_gmt":"2021-05-31T14:42:29","slug":"radio-e-celular-a-combinacao-perfeita","status":"publish","type":"post","link":"https:\/\/sertsc.org.br\/site\/radio-e-celular-a-combinacao-perfeita\/","title":{"rendered":"R\u00e1dio e celular, a combina\u00e7\u00e3o perfeita"},"content":{"rendered":"<p style=\"text-align: justify;\"><strong><em>Se \u00e9 bom para ouvinte, \u00e9 bom para emissora, \u00e9 bom para o anunciante<\/em><\/strong><\/p>\n<p style=\"text-align: justify;\">Na nossa cultura popular, existem combina\u00e7\u00f5es perfeitas e, muitas vezes, uma n\u00e3o vive sem a outra. Do arroz com feij\u00e3o, do queijo com goiabada, do Chit\u00e3ozinho com Xoror\u00f3 e, at\u00e9 no futebol, o cl\u00e1ssico Grenal. No mundo do consumo de m\u00eddia, tamb\u00e9m temos combina\u00e7\u00f5es perfeitas e uma delas \u00e9 o r\u00e1dio com o celular.<\/p>\n<p style=\"text-align: justify;\">O r\u00e1dio sempre foi mobile, acompanhava a gera\u00e7\u00e3o dos anos 1950 ao p\u00e9 do ouvido nos est\u00e1dios de futebol, nos anos 1980 virou febre nos walkmans e, em 2000, com o senso est\u00e9tico de Steve Jobs e o design da Apple, o iPod veio para dar mais charme e solidificar o comportamento do consumo de \u00e1udio em movimento.<\/p>\n<p style=\"text-align: justify;\">Em pesquisa recente do Kantar Ibope Media, 78% dos brasileiros ouvem r\u00e1dio. Desses, 3 em cada 5 escutam r\u00e1dio todos os dias e passam 4 horas e 41 minutos diariamente consumindo o meio. O aparelho ainda tem a maior participa\u00e7\u00e3o, pois 81% consomem o meio atrav\u00e9s do modelo tradicional, que inclui o r\u00e1dio do carro, 3% ouvem pelo computador, 4% em outros equipamentos, mas o futuro est\u00e1 no celular, com 23% de share.<\/p>\n<p style=\"text-align: justify;\">Os celulares de ontem s\u00e3o os smartphones de hoje, computadores na palma da m\u00e3o com recursos para fotografar, acessar e-mails, bancos, redes sociais, documentos e at\u00e9 fazer uma liga\u00e7\u00e3o, se necess\u00e1rio. Pesquisa da FGV aponta mais de um smartphone por habitante no Brasil. Ao todo, s\u00e3o 234 milh\u00f5es aparelhos.<\/p>\n<p style=\"text-align: justify;\">Essa revolu\u00e7\u00e3o tecnol\u00f3gica possibilitou mais acesso e, consequentemente, mais consumo de dados, mas, o se o r\u00e1dio \u00e9 de gra\u00e7a, por que eu teria que gastar meu pacote de dados para ouvir minha emissora favorita? No Brasil, ainda temos 113,5 milh\u00f5es de celulares pr\u00e9-pagos.<\/p>\n<p style=\"text-align: justify;\">Em maio deste ano, o Minist\u00e9rio das Comunica\u00e7\u00f5es assinou portaria sobre FM nos celulares, um desejo antigo do setor de radiodifus\u00e3o. Cerca de 90% dos celulares do Brasil t\u00eam r\u00e1dio, mas, em grande parte, o recurso n\u00e3o est\u00e1 ativado. Com a portaria, o sinal liberado no celular vai chegar a quem vive nas zonas mais remotas, sem necessidade de conex\u00e3o ou consumo da franquia de dados.<\/p>\n<p style=\"text-align: justify;\">Vale lembrar que somos um pa\u00eds com dimens\u00f5es continentais e o acesso \u00e0 banda larga no Brasil ainda est\u00e1 longe de se tornar realidade. Um dado da PNAD (Pesquisa Nacional por Amostragem de Domic\u00edlios) aponta que cerca da metade da popula\u00e7\u00e3o brasileira temacesso \u00e0 internet e que a desigualdade digital \u00e9 grande. A Uni\u00e3o Internacional de Telecomunica\u00e7\u00f5es (UIT) mostra que o Brasil est\u00e1 em 74a. posi\u00e7\u00e3o no ranking mundial de conectividade.<\/p>\n<p style=\"text-align: justify;\">A regulamenta\u00e7\u00e3o ficar\u00e1 a cargo da Ag\u00eancia Nacional de Telecomunica\u00e7\u00f5es (Anatel) e assegurar\u00e1 a recep\u00e7\u00e3o FM nos smartphones como j\u00e1 acontece em v\u00e1rios pa\u00edses. O que far\u00e1 com que o r\u00e1dio continue sendo o meio mais r\u00e1pido e pr\u00f3ximo da popula\u00e7\u00e3o brasileira.<\/p>\n<p style=\"text-align: justify;\">Se \u00e9 bom para ouvinte, \u00e9 bom para emissora, \u00e9 bom para o anunciante. Agora, o Seu Farias, l\u00e1 de Santana do Livramento, na Campanha Ga\u00facha, vai poder ouvir o Grenal, no seu smartphone, sem gastar seu pacote de dados.<\/p>\n<p style=\"text-align: justify;\">Artigo de Leonardo Lazzarotto, CEO da<br \/>\nTailor Media, publicado no portal ProXXIma<\/p>\n<p style=\"text-align: justify;\">\n<p style=\"text-align: justify;\">Fonte: Abratel<\/p>\n","protected":false},"excerpt":{"rendered":"<p>Se \u00e9 bom para ouvinte, \u00e9 bom para emissora, \u00e9&hellip;<\/p>\n<p> <a class=\"more-link\" href=\"https:\/\/sertsc.org.br\/site\/radio-e-celular-a-combinacao-perfeita\/\">Leia mais<\/a><\/p>\n","protected":false},"author":1,"featured_media":15535,"comment_status":"open","ping_status":"open","sticky":false,"template":"","format":"standard","meta":{"footnotes":""},"categories":[3],"tags":[],"class_list":{"0":"post-15534","1":"post","2":"type-post","3":"status-publish","4":"format-standard","5":"has-post-thumbnail","7":"category-noticias"},"_links":{"self":[{"href":"https:\/\/sertsc.org.br\/site\/wp-json\/wp\/v2\/posts\/15534","targetHints":{"allow":["GET"]}}],"collection":[{"href":"https:\/\/sertsc.org.br\/site\/wp-json\/wp\/v2\/posts"}],"about":[{"href":"https:\/\/sertsc.org.br\/site\/wp-json\/wp\/v2\/types\/post"}],"author":[{"embeddable":true,"href":"https:\/\/sertsc.org.br\/site\/wp-json\/wp\/v2\/users\/1"}],"replies":[{"embeddable":true,"href":"https:\/\/sertsc.org.br\/site\/wp-json\/wp\/v2\/comments?post=15534"}],"version-history":[{"count":0,"href":"https:\/\/sertsc.org.br\/site\/wp-json\/wp\/v2\/posts\/15534\/revisions"}],"wp:featuredmedia":[{"embeddable":true,"href":"https:\/\/sertsc.org.br\/site\/wp-json\/"}],"wp:attachment":[{"href":"https:\/\/sertsc.org.br\/site\/wp-json\/wp\/v2\/media?parent=15534"}],"wp:term":[{"taxonomy":"category","embeddable":true,"href":"https:\/\/sertsc.org.br\/site\/wp-json\/wp\/v2\/categories?post=15534"},{"taxonomy":"post_tag","embeddable":true,"href":"https:\/\/sertsc.org.br\/site\/wp-json\/wp\/v2\/tags?post=15534"}],"curies":[{"name":"wp","href":"https:\/\/api.w.org\/{rel}","templated":true}]}}