{"id":15531,"date":"2021-05-31T11:38:47","date_gmt":"2021-05-31T14:38:47","guid":{"rendered":"https:\/\/www.sertsc.org.br\/site\/?p=15531"},"modified":"2021-05-31T11:38:47","modified_gmt":"2021-05-31T14:38:47","slug":"15531-2","status":"publish","type":"post","link":"https:\/\/sertsc.org.br\/site\/15531-2\/","title":{"rendered":"Aprovada MP que amplia conte\u00fado jornal\u00edstico para Amaz\u00f4nia Legal"},"content":{"rendered":"<p style=\"text-align: justify;\"><em>Foi mantida a emenda que exclui a cobran\u00e7a de Condecine no VoD; texto segue para san\u00e7\u00e3o presidencial<\/em><\/p>\n<p style=\"text-align: justify;\"><strong>O Congresso Nacional aprovou a Medida Provis\u00f3ria (MP) 1018\/20, que autoriza as retransmissoras de r\u00e1dio e TV a aumentarem o conte\u00fado jornal\u00edstico na Amaz\u00f4nia Legal e em regi\u00f5es de fronteira de desenvolvimento; e exclui a incid\u00eancia da Contribui\u00e7\u00e3o para o Fomento da Radiodifus\u00e3o P\u00fablica sobre servi\u00e7os de telecomunica\u00e7\u00f5es (Condecine) sobre o v\u00eddeo sob demanda (VoD).<\/strong><\/p>\n<p style=\"text-align: justify;\"><strong>Aprova\u00e7\u00e3o no Senado<\/strong><\/p>\n<p style=\"text-align: justify;\">A mat\u00e9ria, relatada pelo Senador Vanderlan Cardoso (PSD\/GO), foi aprovada no Senado Federal na ter\u00e7a-feira (25). A emenda do VoD foi destaque no Plen\u00e1rio do Senado e mantida no texto em vota\u00e7\u00e3o nominal por 41 votos contra 31. O parecer do relator manteve a \u00edntegra do texto da MP 1018\/2020, conforme aprovado na C\u00e2mara, que deixa claro na legisla\u00e7\u00e3o da Condecine que ela n\u00e3o incide sobre empresas que oferecem servi\u00e7os de v\u00eddeo por demanda.<\/p>\n<p style=\"text-align: justify;\">A reda\u00e7\u00e3o aprovada estabelece que o VoD n\u00e3o se inclui na defini\u00e7\u00e3o de \u201coutros mercados\u201d. O efeito pr\u00e1tico \u00e9 que plataformas estrangeiras e nacionais, como o Play Plus por exemplo, n\u00e3o precisar\u00e3o recolher a contribui\u00e7\u00e3o por t\u00edtulo e sim por assinantes.<\/p>\n<p>&nbsp;<\/p>\n<p style=\"text-align: justify;\"><img fetchpriority=\"high\" decoding=\"async\" class=\"size-medium wp-image-19377 aligncenter\" src=\"https:\/\/abratel.org.br\/wp-content\/uploads\/2021\/05\/imagem_materia-1-1-300x199.jpg\" sizes=\"(max-width: 300px) 100vw, 300px\" srcset=\"https:\/\/abratel.org.br\/wp-content\/uploads\/2021\/05\/imagem_materia-1-1-300x199.jpg 300w, https:\/\/abratel.org.br\/wp-content\/uploads\/2021\/05\/imagem_materia-1-1-768x509.jpg 768w, https:\/\/abratel.org.br\/wp-content\/uploads\/2021\/05\/imagem_materia-1-1.jpg 860w\" alt=\"\" width=\"300\" height=\"199\" \/><\/p>\n<p>&nbsp;<\/p>\n<p style=\"text-align: justify;\">O relator Vandelan tamb\u00e9m manteve outra importante medida para a radiodifus\u00e3o, que autoriza r\u00e1dios e TVs instaladas na Amaz\u00f4nia Legal e em regi\u00f5es de fronteira de desenvolvimento do Pa\u00eds, a inserirem, al\u00e9m de 15% de programa\u00e7\u00e3o local j\u00e1 autorizada, at\u00e9 3 horas de conte\u00fado local de cunho jornal\u00edstico.<\/p>\n<p style=\"text-align: justify;\">A medida possibilita que as emissoras de radiodifus\u00e3o levem informa\u00e7\u00e3o profissional e conte\u00fado de qualidade a locais distantes que contam com uma cobertura limitada de comunica\u00e7\u00e3o, como \u00e9 o caso da Amaz\u00f4nia Legal. A regi\u00e3o congrega os seguintes estados: Acre, Amap\u00e1, Amazonas, Mato Grosso, Par\u00e1, Rond\u00f4nia, Roraima, Tocantins e Maranh\u00e3o.<\/p>\n<p style=\"text-align: justify;\">Contudo, os senadores inclu\u00edram destaque da senadora Zenaide Maia (PROS\/RN), que alterava o texto da MP e previa a obriga\u00e7\u00e3o de investir recursos do Fundo de Universaliza\u00e7\u00e3o dos Servi\u00e7os de Telecomunica\u00e7\u00f5es (Fust) prioritariamente em \u00e1reas de baixo \u00edndice de Desenvolvimento Humano (IDH). Com isso, a mat\u00e9ria precisou retornar para a C\u00e2mara.<\/p>\n<p style=\"text-align: justify;\"><strong>Nova aprova\u00e7\u00e3o na C\u00e2mara<\/strong><\/p>\n<p style=\"text-align: justify;\">No dia seguinte, na quarta-feira (26), o deputado e relator Paulo Magalh\u00e3es (PSD\/BA) apresentou relat\u00f3rio pela rejei\u00e7\u00e3o da emenda do Senado que retirou do texto regras a respeito da aplica\u00e7\u00e3o do Fust. Tanto a oposi\u00e7\u00e3o quanto a base aliada ao governo concordaram, em vota\u00e7\u00e3o simb\u00f3lica, para suprimir do artigo apenas o trecho que reduzia recursos do fundo para a educa\u00e7\u00e3o p\u00fablica. Com a retirada, permanece na lei a determina\u00e7\u00e3o de se aplicar 18% de todos os recursos do fundo em projetos direcionados a escolas p\u00fablicas.<\/p>\n<p>&nbsp;<\/p>\n<p style=\"text-align: justify;\"><img decoding=\"async\" class=\"size-medium wp-image-19376 aligncenter\" src=\"https:\/\/abratel.org.br\/wp-content\/uploads\/2021\/05\/74574-300x225.jpg\" sizes=\"(max-width: 300px) 100vw, 300px\" srcset=\"https:\/\/abratel.org.br\/wp-content\/uploads\/2021\/05\/74574-300x225.jpg 300w, https:\/\/abratel.org.br\/wp-content\/uploads\/2021\/05\/74574.jpg 640w\" alt=\"\" width=\"300\" height=\"225\" \/><\/p>\n<p>&nbsp;<\/p>\n<p style=\"text-align: justify;\">Tamb\u00e9m foram mantidas no texto a isen\u00e7\u00e3o do Fistel para VSATs, objeto inicial da MP, a amplia\u00e7\u00e3o dos canais obrigat\u00f3rios em TV paga para incluir as retransmissoras de TV e as mudan\u00e7as nas regras de espa\u00e7amento de antenas. Por fim, a Medida Provis\u00f3ria foi aprovada e ser\u00e1 enviada \u00e0 san\u00e7\u00e3o presidencial.<\/p>\n<p style=\"text-align: justify;\"><strong>\u201cO setor de radiodifus\u00e3o e a Abratel superaram mais um desafio no Congresso Nacional. A atua\u00e7\u00e3o dos deputados Paulo Magalh\u00e3es, J\u00falio Cesar Ribeiro e Marcelo Ramos, e do senador Vanderlan, foi fundamental neste processo. As emendas aprovadas s\u00e3o de suma import\u00e2ncia para a radiodifus\u00e3o seguir com a sua miss\u00e3o de levar informa\u00e7\u00e3o e entretenimento gratuitos para milh\u00f5es de lares brasileiros. Aguardamos confiantes na sensibilidade do presidente Jair Bolsonaro para a san\u00e7\u00e3o integral do texto.\u201d, afirmou M\u00e1rcio Novaes, presidente da Abratel.<\/strong><\/p>\n<p style=\"text-align: justify;\"><em>Assessoria de Comunica\u00e7\u00e3o da Abratel<\/em><br \/>\n<em>Com informa\u00e7\u00f5es da C\u00e2mara dos Deputados<\/em><\/p>\n","protected":false},"excerpt":{"rendered":"<p>Foi mantida a emenda que exclui a cobran\u00e7a de Condecine&hellip;<\/p>\n<p> <a class=\"more-link\" href=\"https:\/\/sertsc.org.br\/site\/15531-2\/\">Leia mais<\/a><\/p>\n","protected":false},"author":1,"featured_media":15532,"comment_status":"open","ping_status":"open","sticky":false,"template":"","format":"standard","meta":{"footnotes":""},"categories":[3],"tags":[],"class_list":{"0":"post-15531","1":"post","2":"type-post","3":"status-publish","4":"format-standard","5":"has-post-thumbnail","7":"category-noticias"},"_links":{"self":[{"href":"https:\/\/sertsc.org.br\/site\/wp-json\/wp\/v2\/posts\/15531","targetHints":{"allow":["GET"]}}],"collection":[{"href":"https:\/\/sertsc.org.br\/site\/wp-json\/wp\/v2\/posts"}],"about":[{"href":"https:\/\/sertsc.org.br\/site\/wp-json\/wp\/v2\/types\/post"}],"author":[{"embeddable":true,"href":"https:\/\/sertsc.org.br\/site\/wp-json\/wp\/v2\/users\/1"}],"replies":[{"embeddable":true,"href":"https:\/\/sertsc.org.br\/site\/wp-json\/wp\/v2\/comments?post=15531"}],"version-history":[{"count":0,"href":"https:\/\/sertsc.org.br\/site\/wp-json\/wp\/v2\/posts\/15531\/revisions"}],"wp:featuredmedia":[{"embeddable":true,"href":"https:\/\/sertsc.org.br\/site\/wp-json\/"}],"wp:attachment":[{"href":"https:\/\/sertsc.org.br\/site\/wp-json\/wp\/v2\/media?parent=15531"}],"wp:term":[{"taxonomy":"category","embeddable":true,"href":"https:\/\/sertsc.org.br\/site\/wp-json\/wp\/v2\/categories?post=15531"},{"taxonomy":"post_tag","embeddable":true,"href":"https:\/\/sertsc.org.br\/site\/wp-json\/wp\/v2\/tags?post=15531"}],"curies":[{"name":"wp","href":"https:\/\/api.w.org\/{rel}","templated":true}]}}