{"id":14960,"date":"2021-03-26T14:18:18","date_gmt":"2021-03-26T17:18:18","guid":{"rendered":"https:\/\/www.sertsc.org.br\/site\/?p=14960"},"modified":"2021-03-26T14:18:18","modified_gmt":"2021-03-26T17:18:18","slug":"wilson-wellisch-e-novo-superintendente-de-fiscalizacao-da-anatel","status":"publish","type":"post","link":"https:\/\/sertsc.org.br\/site\/wilson-wellisch-e-novo-superintendente-de-fiscalizacao-da-anatel\/","title":{"rendered":"Wilson Wellisch \u00e9 novo superintendente de Fiscaliza\u00e7\u00e3o da Anatel"},"content":{"rendered":"<p style=\"text-align: justify;\">Servidor de carreira da Ag\u00eancia Nacional de Telecomunica\u00e7\u00f5es desde 2011, Wilson Wellisch retorna \u00e0 Anatel para assumir a Superintend\u00eancia de Fiscaliza\u00e7\u00e3o (SFI). A nomea\u00e7\u00e3o foi publicada no Di\u00e1rio Oficial da Uni\u00e3o (DOU) de segunda-feira (22). Ele substitui Igor Moreira, que foi transferido para o gabinete do conselheiro Emmanoel Campelo.<\/p>\n<p style=\"text-align: justify;\">Wellish volta \u00e0 casa de origem, ap\u00f3s uma temporada no Minist\u00e9rio das Comunica\u00e7\u00f5es (MCom). Na Esplanada, ele atuou como Secret\u00e1rio de Radiodifus\u00e3o do Minist\u00e9rio da Ci\u00eancia, Tecnologia e Inova\u00e7\u00f5es (MCTI) e diretor do Departamento de Projetos de Infraestrutura de Telecomunica\u00e7\u00f5es e Banda Larga.<\/p>\n<p>&nbsp;<\/p>\n<p><img decoding=\"async\" class=\"aligncenter\" src=\"https:\/\/www.abert.org.br\/web\/images\/Wellisch.jpg\" alt=\"Wellisch\" \/><\/p>\n<p>&nbsp;<\/p>\n<p>Fonte: ABERT<\/p>\n","protected":false},"excerpt":{"rendered":"<p>Servidor de carreira da Ag\u00eancia Nacional de Telecomunica\u00e7\u00f5es desde 2011,&hellip;<\/p>\n<p> <a class=\"more-link\" href=\"https:\/\/sertsc.org.br\/site\/wilson-wellisch-e-novo-superintendente-de-fiscalizacao-da-anatel\/\">Leia mais<\/a><\/p>\n","protected":false},"author":1,"featured_media":14961,"comment_status":"open","ping_status":"open","sticky":false,"template":"","format":"standard","meta":{"footnotes":""},"categories":[3],"tags":[],"class_list":{"0":"post-14960","1":"post","2":"type-post","3":"status-publish","4":"format-standard","5":"has-post-thumbnail","7":"category-noticias"},"_links":{"self":[{"href":"https:\/\/sertsc.org.br\/site\/wp-json\/wp\/v2\/posts\/14960","targetHints":{"allow":["GET"]}}],"collection":[{"href":"https:\/\/sertsc.org.br\/site\/wp-json\/wp\/v2\/posts"}],"about":[{"href":"https:\/\/sertsc.org.br\/site\/wp-json\/wp\/v2\/types\/post"}],"author":[{"embeddable":true,"href":"https:\/\/sertsc.org.br\/site\/wp-json\/wp\/v2\/users\/1"}],"replies":[{"embeddable":true,"href":"https:\/\/sertsc.org.br\/site\/wp-json\/wp\/v2\/comments?post=14960"}],"version-history":[{"count":0,"href":"https:\/\/sertsc.org.br\/site\/wp-json\/wp\/v2\/posts\/14960\/revisions"}],"wp:featuredmedia":[{"embeddable":true,"href":"https:\/\/sertsc.org.br\/site\/wp-json\/"}],"wp:attachment":[{"href":"https:\/\/sertsc.org.br\/site\/wp-json\/wp\/v2\/media?parent=14960"}],"wp:term":[{"taxonomy":"category","embeddable":true,"href":"https:\/\/sertsc.org.br\/site\/wp-json\/wp\/v2\/categories?post=14960"},{"taxonomy":"post_tag","embeddable":true,"href":"https:\/\/sertsc.org.br\/site\/wp-json\/wp\/v2\/tags?post=14960"}],"curies":[{"name":"wp","href":"https:\/\/api.w.org\/{rel}","templated":true}]}}