{"id":14956,"date":"2021-03-26T14:00:06","date_gmt":"2021-03-26T17:00:06","guid":{"rendered":"https:\/\/www.sertsc.org.br\/site\/?p=14956"},"modified":"2021-03-26T14:00:06","modified_gmt":"2021-03-26T17:00:06","slug":"comissao-analisara-processos-de-licitacao-dos-servicos-de-radio-e-tv","status":"publish","type":"post","link":"https:\/\/sertsc.org.br\/site\/comissao-analisara-processos-de-licitacao-dos-servicos-de-radio-e-tv\/","title":{"rendered":"Comiss\u00e3o analisar\u00e1 processos de licita\u00e7\u00e3o dos servi\u00e7os de r\u00e1dio e TV"},"content":{"rendered":"<p style=\"text-align: justify;\">O Minist\u00e9rio das Comunica\u00e7\u00f5es (MCom) publicou, nesta sexta-feira (26), a Portaria n\u00ba 2.263\/2021, que institui a Comiss\u00e3o Permanente de Licita\u00e7\u00e3o de Servi\u00e7os de Radiodifus\u00e3o.<\/p>\n<p style=\"text-align: justify;\">Pela regra, al\u00e9m de propor editais de licita\u00e7\u00e3o para r\u00e1dio e TV, a nova comiss\u00e3o ser\u00e1 respons\u00e1vel pela an\u00e1lise de todos os procedimentos relativos aos processos de licita\u00e7\u00e3o de outorga dos servi\u00e7os de radiodifus\u00e3o.<\/p>\n<p style=\"text-align: justify;\">Para acessar a portaria, clique\u00a0<a href=\"https:\/\/www.in.gov.br\/en\/web\/dou\/-\/portaria-mcom-n-2.263-de-24-de-marco-de-2021-310566470\">AQUI<\/a><\/p>\n<p>&nbsp;<\/p>\n<p>&nbsp;<\/p>\n<p>Fonte: ABERT<\/p>\n","protected":false},"excerpt":{"rendered":"<p>O Minist\u00e9rio das Comunica\u00e7\u00f5es (MCom) publicou, nesta sexta-feira (26), a&hellip;<\/p>\n<p> <a class=\"more-link\" href=\"https:\/\/sertsc.org.br\/site\/comissao-analisara-processos-de-licitacao-dos-servicos-de-radio-e-tv\/\">Leia mais<\/a><\/p>\n","protected":false},"author":1,"featured_media":14957,"comment_status":"open","ping_status":"open","sticky":false,"template":"","format":"standard","meta":{"footnotes":""},"categories":[3],"tags":[],"class_list":{"0":"post-14956","1":"post","2":"type-post","3":"status-publish","4":"format-standard","5":"has-post-thumbnail","7":"category-noticias"},"_links":{"self":[{"href":"https:\/\/sertsc.org.br\/site\/wp-json\/wp\/v2\/posts\/14956","targetHints":{"allow":["GET"]}}],"collection":[{"href":"https:\/\/sertsc.org.br\/site\/wp-json\/wp\/v2\/posts"}],"about":[{"href":"https:\/\/sertsc.org.br\/site\/wp-json\/wp\/v2\/types\/post"}],"author":[{"embeddable":true,"href":"https:\/\/sertsc.org.br\/site\/wp-json\/wp\/v2\/users\/1"}],"replies":[{"embeddable":true,"href":"https:\/\/sertsc.org.br\/site\/wp-json\/wp\/v2\/comments?post=14956"}],"version-history":[{"count":0,"href":"https:\/\/sertsc.org.br\/site\/wp-json\/wp\/v2\/posts\/14956\/revisions"}],"wp:featuredmedia":[{"embeddable":true,"href":"https:\/\/sertsc.org.br\/site\/wp-json\/"}],"wp:attachment":[{"href":"https:\/\/sertsc.org.br\/site\/wp-json\/wp\/v2\/media?parent=14956"}],"wp:term":[{"taxonomy":"category","embeddable":true,"href":"https:\/\/sertsc.org.br\/site\/wp-json\/wp\/v2\/categories?post=14956"},{"taxonomy":"post_tag","embeddable":true,"href":"https:\/\/sertsc.org.br\/site\/wp-json\/wp\/v2\/tags?post=14956"}],"curies":[{"name":"wp","href":"https:\/\/api.w.org\/{rel}","templated":true}]}}