{"id":14933,"date":"2021-03-24T08:34:17","date_gmt":"2021-03-24T11:34:17","guid":{"rendered":"https:\/\/www.sertsc.org.br\/site\/?p=14933"},"modified":"2021-03-24T08:34:17","modified_gmt":"2021-03-24T11:34:17","slug":"anatel-libera-novos-canais-para-migracao","status":"publish","type":"post","link":"https:\/\/sertsc.org.br\/site\/anatel-libera-novos-canais-para-migracao\/","title":{"rendered":"Anatel libera novos canais para migra\u00e7\u00e3o"},"content":{"rendered":"<p style=\"text-align: justify;\">A Ag\u00eancia Nacional de Telecomunica\u00e7\u00f5es (Anatel) publicou, nesta ter\u00e7a-feira (23), o Ato n\u00ba 1.699\/2021, que altera o Plano B\u00e1sico de Distribui\u00e7\u00e3o de Canais de Radiodifus\u00e3o Sonora em Frequ\u00eancia Modulada (PBFM), viabilizando canais na faixa atual e na estendida para r\u00e1dios que solicitaram a migra\u00e7\u00e3o do AM para FM.<br \/>\nCom a publica\u00e7\u00e3o, foram viabilizados 44 canais de FM, sendo 17 na faixa convencional e 27 na estendida.<\/p>\n<p style=\"text-align: justify;\">Este \u00e9 o primeiro ato publicado ap\u00f3s o in\u00edcio das reuni\u00f5es do Grupo de Trabalho (GT) criado pela Anatel, com a participa\u00e7\u00e3o do Minist\u00e9rio das Comunica\u00e7\u00f5es (MCom), para dar celeridade aos estudos de canaliza\u00e7\u00e3o desenvolvidos e coordenados pela ABERT, juntamente com as associa\u00e7\u00f5es estaduais, e que buscam alternativas para viabilizar o maior n\u00famero poss\u00edvel de canais na faixa convencional de FM.<\/p>\n<p style=\"text-align: justify;\">Segundo o diretor de R\u00e1dio da ABERT, Andr\u00e9 Cintra, os estudos do grupo est\u00e3o adiantados, e, nos pr\u00f3ximos dias, dever\u00e3o ser publicados novos atos, com mais canais na faixa convencional e na estendida. A inten\u00e7\u00e3o do Minist\u00e9rio das Comunica\u00e7\u00f5es e da Anatel \u00e9 a de incluir o m\u00e1ximo poss\u00edvel de canais at\u00e9 5 de maio, data em que se comemora o Dia Nacional das Comunica\u00e7\u00f5es.<\/p>\n<p style=\"text-align: justify;\">O presidente da ABERT, Fl\u00e1vio Lara Resende, salientou a import\u00e2ncia do esfor\u00e7o conjunto do setor de radiodifus\u00e3o, com a Anatel e o MCom.<\/p>\n<p style=\"text-align: justify;\">\u201cAl\u00e9m da disponibilidade da Anatel e do Minist\u00e9rio, que atenderam ao pedido da ABERT de cria\u00e7\u00e3o do GT, a participa\u00e7\u00e3o das associa\u00e7\u00f5es estaduais nesses estudos demonstra a import\u00e2ncia da uni\u00e3o de todos os envolvidos para a melhor solu\u00e7\u00e3o dos problemas do setor\u201d, afirma Lara Resende.<\/p>\n<p style=\"text-align: justify;\">\n<p style=\"text-align: justify;\">Acesse o ato\u00a0<a href=\"https:\/\/www.abert.org.br\/web\/link\/SEI.pdf\">AQUI<\/a><\/p>\n<p style=\"text-align: justify;\">\n<p style=\"text-align: justify;\">Fonte: ABERT<\/p>\n","protected":false},"excerpt":{"rendered":"<p>A Ag\u00eancia Nacional de Telecomunica\u00e7\u00f5es (Anatel) publicou, nesta ter\u00e7a-feira (23),&hellip;<\/p>\n<p> <a class=\"more-link\" href=\"https:\/\/sertsc.org.br\/site\/anatel-libera-novos-canais-para-migracao\/\">Leia mais<\/a><\/p>\n","protected":false},"author":1,"featured_media":14424,"comment_status":"open","ping_status":"open","sticky":false,"template":"","format":"standard","meta":{"footnotes":""},"categories":[3],"tags":[],"class_list":{"0":"post-14933","1":"post","2":"type-post","3":"status-publish","4":"format-standard","5":"has-post-thumbnail","7":"category-noticias"},"_links":{"self":[{"href":"https:\/\/sertsc.org.br\/site\/wp-json\/wp\/v2\/posts\/14933","targetHints":{"allow":["GET"]}}],"collection":[{"href":"https:\/\/sertsc.org.br\/site\/wp-json\/wp\/v2\/posts"}],"about":[{"href":"https:\/\/sertsc.org.br\/site\/wp-json\/wp\/v2\/types\/post"}],"author":[{"embeddable":true,"href":"https:\/\/sertsc.org.br\/site\/wp-json\/wp\/v2\/users\/1"}],"replies":[{"embeddable":true,"href":"https:\/\/sertsc.org.br\/site\/wp-json\/wp\/v2\/comments?post=14933"}],"version-history":[{"count":0,"href":"https:\/\/sertsc.org.br\/site\/wp-json\/wp\/v2\/posts\/14933\/revisions"}],"wp:featuredmedia":[{"embeddable":true,"href":"https:\/\/sertsc.org.br\/site\/wp-json\/"}],"wp:attachment":[{"href":"https:\/\/sertsc.org.br\/site\/wp-json\/wp\/v2\/media?parent=14933"}],"wp:term":[{"taxonomy":"category","embeddable":true,"href":"https:\/\/sertsc.org.br\/site\/wp-json\/wp\/v2\/categories?post=14933"},{"taxonomy":"post_tag","embeddable":true,"href":"https:\/\/sertsc.org.br\/site\/wp-json\/wp\/v2\/tags?post=14933"}],"curies":[{"name":"wp","href":"https:\/\/api.w.org\/{rel}","templated":true}]}}