{"id":14929,"date":"2021-03-24T08:29:34","date_gmt":"2021-03-24T11:29:34","guid":{"rendered":"https:\/\/www.sertsc.org.br\/site\/?p=14929"},"modified":"2021-03-24T08:29:34","modified_gmt":"2021-03-24T11:29:34","slug":"anatel-reune-informacoes-sobre-5g-em-pagina-do-seu-portal","status":"publish","type":"post","link":"https:\/\/sertsc.org.br\/site\/anatel-reune-informacoes-sobre-5g-em-pagina-do-seu-portal\/","title":{"rendered":"Anatel re\u00fane informa\u00e7\u00f5es sobre 5g em p\u00e1gina do seu portal"},"content":{"rendered":"<p style=\"text-align: justify;\">A Anatel abriu espa\u00e7o em seu portal para concentrar informa\u00e7\u00f5es sobre o leil\u00e3o 5G, que deve acontecer ainda neste primeiro semestre. O\u00a0<strong><a href=\"https:\/\/www.gov.br\/anatel\/pt-br\/assuntos\/5G\/espaco-5g\">Espa\u00e7o 5G<\/a><\/strong>\u00a0tamb\u00e9m traz informa\u00e7\u00f5es sobre a tecnologia, que promete alterar definitivamente o mercado m\u00f3vel.<\/p>\n<p style=\"text-align: justify;\">O internauta poder\u00e1 navegar por quatro t\u00f3picos:<\/p>\n<ul style=\"text-align: justify;\">\n<li>Tecnologia 5G \u2013 com informa\u00e7\u00f5es sobre avan\u00e7os em rela\u00e7\u00e3o \u00e0s tecnologias anteriores e especifica\u00e7\u00f5es t\u00e9cnicas;<\/li>\n<li>Not\u00edcias 5G \u2013 que re\u00fane mat\u00e9rias sobre o tema produzidas pela Anatel;<\/li>\n<li>Perguntas e Respostas \u2013 que busca esclarecer as principais d\u00favidas sobre a tecnologia 5G;<\/li>\n<li>Leil\u00e3o de Espectro 5G \u2013 com informa\u00e7\u00f5es sobre a licita\u00e7\u00e3o que dever\u00e1 ser a maior oferta faixas de radiofrequ\u00eancia da hist\u00f3ria da Anatel.<\/li>\n<\/ul>\n<p style=\"text-align: justify;\">Em mensagem gravada, o presidente da Anatel, Leonardo de Morais, afirmou que \u201cse o 4G mudou a vida das pessoas, o 5g ir\u00e1 remodelar a sociedade e os meios produtivos\u201d. \u201cO pr\u00f3ximo leil\u00e3o de direito de uso de radiofrequ\u00eancia a ser promovido pela Ag\u00eancia significar\u00e1 novas perspectivas para o 5G e, por consequ\u00eancia, para o ecossistema digital brasileiro\u201d, disse.<\/p>\n<p style=\"text-align: justify;\">O leil\u00e3o de espectro 5G ser\u00e1 a maior oferta de espectro da hist\u00f3ria da Anatel. A licita\u00e7\u00e3o das radiofrequ\u00eancias nas faixas de 700 MHz, 2,3 GHz, 3,5 GHz e 26 GHz est\u00e1 prevista para o primeiro semestre deste ano e proporcionar\u00e1 maior volume de recursos de espectro para que as operadoras de telecomunica\u00e7\u00f5es possam expandir suas redes.<\/p>\n<p style=\"text-align: justify;\">A Anatel atualizar\u00e1 continuamente o\u00a0<strong><a href=\"https:\/\/www.gov.br\/anatel\/pt-br\/assuntos\/5G\/espaco-5g\">Espa\u00e7o 5G<\/a><\/strong>\u00a0at\u00e9 a realiza\u00e7\u00e3o da licita\u00e7\u00e3o das radiofrequ\u00eancias das faixas de 700 MHz, 2,3 GHz, 3,5 GHz e 26 GHz. Para acessar o\u00a0<strong><a href=\"https:\/\/www.gov.br\/anatel\/pt-br\/assuntos\/5G\/espaco-5g\">Espa\u00e7o 5G<\/a><\/strong>,\u00a0<strong><a href=\"https:\/\/www.gov.br\/anatel\/pt-br\/assuntos\/5G\/espaco-5g\">clique aqui<\/a>.\u00a0<\/strong>(<em>Com assessoria de imprensa<\/em>)<\/p>\n<p style=\"text-align: justify;\">\n<p style=\"text-align: justify;\">Fonte: Teles\u00edntese<\/p>\n","protected":false},"excerpt":{"rendered":"<p>A Anatel abriu espa\u00e7o em seu portal para concentrar informa\u00e7\u00f5es&hellip;<\/p>\n<p> <a class=\"more-link\" href=\"https:\/\/sertsc.org.br\/site\/anatel-reune-informacoes-sobre-5g-em-pagina-do-seu-portal\/\">Leia mais<\/a><\/p>\n","protected":false},"author":1,"featured_media":14930,"comment_status":"open","ping_status":"open","sticky":false,"template":"","format":"standard","meta":{"footnotes":""},"categories":[3],"tags":[],"class_list":{"0":"post-14929","1":"post","2":"type-post","3":"status-publish","4":"format-standard","5":"has-post-thumbnail","7":"category-noticias"},"_links":{"self":[{"href":"https:\/\/sertsc.org.br\/site\/wp-json\/wp\/v2\/posts\/14929","targetHints":{"allow":["GET"]}}],"collection":[{"href":"https:\/\/sertsc.org.br\/site\/wp-json\/wp\/v2\/posts"}],"about":[{"href":"https:\/\/sertsc.org.br\/site\/wp-json\/wp\/v2\/types\/post"}],"author":[{"embeddable":true,"href":"https:\/\/sertsc.org.br\/site\/wp-json\/wp\/v2\/users\/1"}],"replies":[{"embeddable":true,"href":"https:\/\/sertsc.org.br\/site\/wp-json\/wp\/v2\/comments?post=14929"}],"version-history":[{"count":0,"href":"https:\/\/sertsc.org.br\/site\/wp-json\/wp\/v2\/posts\/14929\/revisions"}],"wp:featuredmedia":[{"embeddable":true,"href":"https:\/\/sertsc.org.br\/site\/wp-json\/"}],"wp:attachment":[{"href":"https:\/\/sertsc.org.br\/site\/wp-json\/wp\/v2\/media?parent=14929"}],"wp:term":[{"taxonomy":"category","embeddable":true,"href":"https:\/\/sertsc.org.br\/site\/wp-json\/wp\/v2\/categories?post=14929"},{"taxonomy":"post_tag","embeddable":true,"href":"https:\/\/sertsc.org.br\/site\/wp-json\/wp\/v2\/tags?post=14929"}],"curies":[{"name":"wp","href":"https:\/\/api.w.org\/{rel}","templated":true}]}}