{"id":14906,"date":"2021-03-18T15:42:26","date_gmt":"2021-03-18T18:42:26","guid":{"rendered":"https:\/\/www.sertsc.org.br\/site\/?p=14906"},"modified":"2021-03-18T15:42:26","modified_gmt":"2021-03-18T18:42:26","slug":"stf-mantem-decisao-que-obriga-transmissao-de-programas-culturais-artisticos-e-jornalisticos-locais-em-radios","status":"publish","type":"post","link":"https:\/\/sertsc.org.br\/site\/stf-mantem-decisao-que-obriga-transmissao-de-programas-culturais-artisticos-e-jornalisticos-locais-em-radios\/","title":{"rendered":"STF mant\u00e9m decis\u00e3o que obriga transmiss\u00e3o de programas culturais, art\u00edsticos e jornal\u00edsticos locais em r\u00e1dios"},"content":{"rendered":"<p style=\"text-align: justify;\">O Plen\u00e1rio do Supremo Tribunal Federal (STF), por 10 votos a 1, declarou, nesta quarta-feira (17), a constitucionalidade da obrigatoriedade de exibi\u00e7\u00e3o de filmes nacionais nos cinemas e da transmiss\u00e3o de programas culturais, art\u00edsticos e jornal\u00edsticos locais em r\u00e1dios. O ministro Marco Aur\u00e9lio ficou vencido. A Corte deve definir ainda hoje as teses com repercuss\u00e3o geral.<\/p>\n<p style=\"text-align: justify;\">O STF negou dois Recursos Extraordin\u00e1rios. Em um dos casos, (RE 1.070.522), uma empresa sustentou que apenas lei, e n\u00e3o o Decreto 52.795\/1963, poderia estabelecer tempo dedicado a programas culturais, art\u00edsticos e jornal\u00edsticos locais em r\u00e1dios. O relator do RE 627.432, ministro Dias Toffoli, afirmou que o mercado cinematogr\u00e1fico \u00e9 dominado por poucos e grandes grupos empresariais, geralmente estrangeiros, que ditam o que vai e o que n\u00e3o vai entrar na programa\u00e7\u00e3o dos cinemas, dificultando a veicula\u00e7\u00e3o de obras do mainstream.<\/p>\n<p style=\"text-align: justify;\">Segundo Toffoli, a livre iniciativa, o livre mercado e o direito de propriedade devem observar a justi\u00e7a social. Nessa mesma linha, o presidente do STF, Luiz Fux, relator do 1.070.522, apontou que um dos principais objetivos do Brasil \u00e9 a erradica\u00e7\u00e3o de desigualdades sociais e regionais. E a reserva de programa\u00e7\u00e3o em r\u00e1dios para programas culturais, art\u00edsticos e jornal\u00edsticos locais ajuda a concretizar esse intuito.<\/p>\n<p style=\"text-align: justify;\">Fux tamb\u00e9m ressaltou que o artigo 221 da Constitui\u00e7\u00e3o Federal. Nele, fica estabelecido que a programa\u00e7\u00e3o das emissoras de r\u00e1dio deve dar prefer\u00eancia a finalidades educativas, art\u00edsticas, culturais e informativas; \u00e0 promo\u00e7\u00e3o da cultura nacional e regional e \u00e0 regionaliza\u00e7\u00e3o da produ\u00e7\u00e3o cultural, art\u00edstica e jornal\u00edstica.<\/p>\n<p style=\"text-align: justify;\" data-fetch=\"true\">O ministro Marco Aur\u00e9lio ficou vencido nos dois casos. No RE 1.070.522, o ministro afirmou que somente lei, e n\u00e3o decreto, pode estabelecer tempo dedicado a programas culturais, art\u00edsticos e jornal\u00edsticos locais em r\u00e1dios. De acordo com o entendimento do Plen\u00e1rio do STF, o Estado deve respeitar a livre iniciativa, mas pode mitigar, de forma razo\u00e1vel, esse princ\u00edpio para aumentar a competitividade de um setor econ\u00f4mico perante seus concorrentes estrangeiros, gerar renda e empregos e promover a cultura nacional e o acesso a ela por parte dos cidad\u00e3os.<\/p>\n<div class=\"pp-box-adunit pp-ad-loading pp-type-intext\">\n<div class=\"pp-adunit\">\n<div class=\"pp-ad\">\n<div id=\"P_TUDO_RADIO_INTEXT_02_0\" style=\"text-align: justify;\" data-premium=\"\" data-adunit=\"TUDO_RADIO_INTEXT_02\" data-sizes-mobile=\"[[336,280],[300,250]]\" data-sizes-desktop=\"[[336,280],[300,250]]\" data-type=\"intext\" data-fetch=\"true\" data-google-query-id=\"CPPmj7y-uu8CFXUyuQYdZZUOQQ\">Fonte: Tudor\u00e1dio<\/div>\n<\/div>\n<\/div>\n<\/div>\n","protected":false},"excerpt":{"rendered":"<p>O Plen\u00e1rio do Supremo Tribunal Federal (STF), por 10 votos&hellip;<\/p>\n<p> <a class=\"more-link\" href=\"https:\/\/sertsc.org.br\/site\/stf-mantem-decisao-que-obriga-transmissao-de-programas-culturais-artisticos-e-jornalisticos-locais-em-radios\/\">Leia mais<\/a><\/p>\n","protected":false},"author":1,"featured_media":14907,"comment_status":"open","ping_status":"open","sticky":false,"template":"","format":"standard","meta":{"footnotes":""},"categories":[3],"tags":[],"class_list":{"0":"post-14906","1":"post","2":"type-post","3":"status-publish","4":"format-standard","5":"has-post-thumbnail","7":"category-noticias"},"_links":{"self":[{"href":"https:\/\/sertsc.org.br\/site\/wp-json\/wp\/v2\/posts\/14906","targetHints":{"allow":["GET"]}}],"collection":[{"href":"https:\/\/sertsc.org.br\/site\/wp-json\/wp\/v2\/posts"}],"about":[{"href":"https:\/\/sertsc.org.br\/site\/wp-json\/wp\/v2\/types\/post"}],"author":[{"embeddable":true,"href":"https:\/\/sertsc.org.br\/site\/wp-json\/wp\/v2\/users\/1"}],"replies":[{"embeddable":true,"href":"https:\/\/sertsc.org.br\/site\/wp-json\/wp\/v2\/comments?post=14906"}],"version-history":[{"count":0,"href":"https:\/\/sertsc.org.br\/site\/wp-json\/wp\/v2\/posts\/14906\/revisions"}],"wp:featuredmedia":[{"embeddable":true,"href":"https:\/\/sertsc.org.br\/site\/wp-json\/"}],"wp:attachment":[{"href":"https:\/\/sertsc.org.br\/site\/wp-json\/wp\/v2\/media?parent=14906"}],"wp:term":[{"taxonomy":"category","embeddable":true,"href":"https:\/\/sertsc.org.br\/site\/wp-json\/wp\/v2\/categories?post=14906"},{"taxonomy":"post_tag","embeddable":true,"href":"https:\/\/sertsc.org.br\/site\/wp-json\/wp\/v2\/tags?post=14906"}],"curies":[{"name":"wp","href":"https:\/\/api.w.org\/{rel}","templated":true}]}}