{"id":14893,"date":"2021-03-18T08:24:53","date_gmt":"2021-03-18T11:24:53","guid":{"rendered":"https:\/\/www.sertsc.org.br\/site\/?p=14893"},"modified":"2021-03-18T08:24:53","modified_gmt":"2021-03-18T11:24:53","slug":"sert-sc-jovem-realiza-primeira-reuniao-de-2021","status":"publish","type":"post","link":"https:\/\/sertsc.org.br\/site\/sert-sc-jovem-realiza-primeira-reuniao-de-2021\/","title":{"rendered":"SERT\/SC Jovem realiza primeira reuni\u00e3o de 2021"},"content":{"rendered":"<p style=\"text-align: justify;\">Na tarde de ontem (17\/3), o SERT\/SC Jovem, n\u00facleo de jovens radiodifusores, realizou sua primeira reuni\u00e3o do ano. Por conta da pandemia de covid-19, tudo aconteceu de forma remota. Fernando Morgado, professor e consultor do SERT\/SC, conduziu o processo de planejamento das atividades do grupo.<\/p>\n<p style=\"text-align: justify;\">Comercial: este foi o tema central escolhido pelos jovens, que tamb\u00e9m estabeleceram os subtemas de cada um dos quatro encontros a serem promovidos ao longo de 2021. S\u00e3o eles: (1) cases de sucesso; (2) vendas no modelo digital; (3) novos neg\u00f3cios; (4) workflow comercial. Especialistas e radiodifusores dividir\u00e3o seus conhecimentos e experi\u00eancias, com foco em mercados pequenos e m\u00e9dios.<\/p>\n<p style=\"text-align: justify;\">Para a presidente do SERT\/SC, Ana Paula Melo, a reuni\u00e3o foi um sucesso. &#8220;Fiquei contente em ver o alto n\u00edvel de participa\u00e7\u00e3o e engajamento. Todas as sugest\u00f5es foram muito pertinentes e ajudaram a construir um calend\u00e1rio de trabalho sintonizado com o momento do setor. Tenho certeza que o SERT\/SC Jovem continuar\u00e1 sendo muito relevante para o desenvolvimento das nossas emissoras&#8221;. O pr\u00f3ximo encontro do n\u00facleo est\u00e1 programado para o dia 14 de abril.<\/p>\n<p>&nbsp;<\/p>\n<p><img fetchpriority=\"high\" decoding=\"async\" class=\"aligncenter size-full wp-image-14894\" src=\"https:\/\/www.sertsc.org.br\/site\/wp-content\/uploads\/2021\/03\/WhatsApp-Image-2021-03-17-at-17.09.56.jpeg\" alt=\"\" width=\"1280\" height=\"460\" \/><\/p>\n","protected":false},"excerpt":{"rendered":"<p>Na tarde de ontem (17\/3), o SERT\/SC Jovem, n\u00facleo de&hellip;<\/p>\n<p> <a class=\"more-link\" href=\"https:\/\/sertsc.org.br\/site\/sert-sc-jovem-realiza-primeira-reuniao-de-2021\/\">Leia mais<\/a><\/p>\n","protected":false},"author":1,"featured_media":14894,"comment_status":"open","ping_status":"open","sticky":false,"template":"","format":"standard","meta":{"footnotes":""},"categories":[33],"tags":[],"class_list":{"0":"post-14893","1":"post","2":"type-post","3":"status-publish","4":"format-standard","5":"has-post-thumbnail","7":"category-destaques"},"_links":{"self":[{"href":"https:\/\/sertsc.org.br\/site\/wp-json\/wp\/v2\/posts\/14893","targetHints":{"allow":["GET"]}}],"collection":[{"href":"https:\/\/sertsc.org.br\/site\/wp-json\/wp\/v2\/posts"}],"about":[{"href":"https:\/\/sertsc.org.br\/site\/wp-json\/wp\/v2\/types\/post"}],"author":[{"embeddable":true,"href":"https:\/\/sertsc.org.br\/site\/wp-json\/wp\/v2\/users\/1"}],"replies":[{"embeddable":true,"href":"https:\/\/sertsc.org.br\/site\/wp-json\/wp\/v2\/comments?post=14893"}],"version-history":[{"count":0,"href":"https:\/\/sertsc.org.br\/site\/wp-json\/wp\/v2\/posts\/14893\/revisions"}],"wp:featuredmedia":[{"embeddable":true,"href":"https:\/\/sertsc.org.br\/site\/wp-json\/"}],"wp:attachment":[{"href":"https:\/\/sertsc.org.br\/site\/wp-json\/wp\/v2\/media?parent=14893"}],"wp:term":[{"taxonomy":"category","embeddable":true,"href":"https:\/\/sertsc.org.br\/site\/wp-json\/wp\/v2\/categories?post=14893"},{"taxonomy":"post_tag","embeddable":true,"href":"https:\/\/sertsc.org.br\/site\/wp-json\/wp\/v2\/tags?post=14893"}],"curies":[{"name":"wp","href":"https:\/\/api.w.org\/{rel}","templated":true}]}}