{"id":14890,"date":"2021-03-17T11:55:29","date_gmt":"2021-03-17T14:55:29","guid":{"rendered":"https:\/\/www.sertsc.org.br\/site\/?p=14890"},"modified":"2021-03-17T11:55:29","modified_gmt":"2021-03-17T14:55:29","slug":"ministerio-planeja-utilizar-fm-estendido-a-partir-de-maio-comite-tecnico-detalha-uso-do-efm-e-faixa-convencional","status":"publish","type":"post","link":"https:\/\/sertsc.org.br\/site\/ministerio-planeja-utilizar-fm-estendido-a-partir-de-maio-comite-tecnico-detalha-uso-do-efm-e-faixa-convencional\/","title":{"rendered":"Minist\u00e9rio planeja utilizar FM estendido a partir de maio. Comit\u00ea t\u00e9cnico detalha uso do eFM e faixa convencional"},"content":{"rendered":"<p style=\"text-align: justify;\">A Associa\u00e7\u00e3o das Emissoras de R\u00e1dio e Televis\u00e3o do Estado de S\u00e3o Paulo (AESP) realizou na tarde desta ter\u00e7a-feira (16) o\u00a0<a href=\"https:\/\/tudoradio.com\/noticias\/ver\/25077-aesp-promove-na-proxima-semana-1-encontro-virtual-do-comite-tecnico-de-2021-migracao-am-fm-esta-em-pauta\"><strong>1\u00ba Encontro Virtual do Comit\u00ea T\u00e9cnico de 2021<\/strong><\/a>. O evento contou com a participa\u00e7\u00e3o o secret\u00e1rio de radiodifus\u00e3o Maximiliano Martinh\u00e3o, que representou o Minist\u00e9rio das Comunica\u00e7\u00f5es (MCom) &#8211; que revelou a inten\u00e7\u00e3o de\u00a0<em><strong>ligar as primeiras esta\u00e7\u00f5es em FM estendido a partir de 5 de maio<\/strong><\/em>, dia das comunica\u00e7\u00f5es -, do engenheiro Andr\u00e9 Cintra (ABERT) &#8211; que detalhou os trabalhos para acomodar mais migrantes AM-FM na faixa convencional (88.1 FM a 107.9 FM) \u2013 e do presidente da AESP, Rodrigo Neves. A transmiss\u00e3o teve a apresenta\u00e7\u00e3o de Eduardo Cappia (AESP\/EMC\/SET) e o apoio da Cadena.<\/p>\n<p style=\"text-align: justify;\">Martinh\u00e3o destacou que a ideia de contar com as emissoras em FM estendido a partir dos grandes centros como S\u00e3o Paulo e Rio de Janeiro, onde a faixa ser\u00e1 ocupada pelas emissoras vindas do AM,<em><strong>\u00a0tende a popularizar a nova faixa para a popula\u00e7\u00e3o<\/strong><\/em>. O secret\u00e1rio tamb\u00e9m destacou que a ind\u00fastria de receptores est\u00e1 avan\u00e7ada e dever\u00e1 auxiliar o acesso ao eFM.<\/p>\n<p style=\"text-align: justify;\">Tamb\u00e9m em sua participa\u00e7\u00e3o, Martinh\u00e3o destacou os n\u00fameros atuais da migra\u00e7\u00e3o AM-FM: s\u00e3o 1655 pedidos v\u00e1lidos de migra\u00e7\u00e3o para a faixa FM. Desses, 1290 j\u00e1 foram inclu\u00eddos no plano b\u00e1sico de FM, sendo 850 esta\u00e7\u00f5es que j\u00e1 possuem o termo aditivo e 375 em exig\u00eancias \/ an\u00e1lises. E apenas 65 pedidos est\u00e3o no lote residual.<\/p>\n<p style=\"text-align: justify;\">\n<figure style=\"width: 500px\" class=\"wp-caption aligncenter\"><img fetchpriority=\"high\" decoding=\"async\" src=\"https:\/\/tudoradio.com\/img\/uploads\/noticias\/6051103b37902.jpg\" alt=\"\" width=\"500\" height=\"263\" \/><figcaption class=\"wp-caption-text\">Secret\u00e1rio de radiodifus\u00e3o Maximiliano Martinh\u00e3o (MCom) durante a participa\u00e7\u00e3o no 1\u00ba Encontro Virtual do Comit\u00ea T\u00e9cnico de 2021<\/figcaption><\/figure>\n<p style=\"text-align: justify;\">\n<p style=\"text-align: justify;\"><strong>Mais migrantes AM-FM na faixa convencional<\/strong><\/p>\n<p style=\"text-align: justify;\">A partir da\u00a0<strong><a href=\"https:\/\/tudoradio.com\/noticias\/ver\/24578-prazo-para-sugestoes-da-consulta-publica-sobre-a-canalizacao-do-fm-estendido-para-migracao-am-fm-vence-hoje-9\">consulta p\u00fablica de n\u00famero 70\/2020<\/a><\/strong>, que contou com a primeira canaliza\u00e7\u00e3o em eFM, foi criado um grupo de estudos para tentar incluir mais migrantes AM-FM na faixa FM convencional. Esse trabalho \u00e9 liderado pelo engenheiro Andr\u00e9 Cintra, que tem trabalhado no processo de canaliza\u00e7\u00e3o de migrantes AM-FM desde 2013.<\/p>\n<p style=\"text-align: justify;\" data-fetch=\"true\">Dos\u00a0<em><strong>365 canais da consulta p\u00fablica<\/strong><\/em>, apenas 42 estavam em faixa convencional. Ap\u00f3s os estudos,\u00a0<em><strong>130 canais foram viabilizados em faixa FM convencional.<\/strong><\/em> Em sua fala, Cintra ressaltou que &#8220;neste momento, 61 canais em FM convencional j\u00e1 poder\u00e3o ir imediatamente para consulta p\u00fablica&#8221;.<\/p>\n<div class=\"pp-box-adunit pp-ad-loading pp-type-intext\">\n<div class=\"pp-adunit\">\n<div class=\"pp-ad\">\n<div id=\"P_TUDO_RADIO_INTEXT_02_0\" data-premium=\"\" data-adunit=\"TUDO_RADIO_INTEXT_02\" data-sizes-mobile=\"[[336,280],[300,250]]\" data-sizes-desktop=\"[[336,280],[300,250]]\" data-type=\"intext\" data-fetch=\"true\" data-google-query-id=\"CMOJnObFt-8CFfMFuQYdtBcInw\">\n<div class=\"centralizado\">\n<div id=\"b\">\n<div class=\"conteudo-noticia\">\n<div class=\"conteudo materias\">\n<div class=\"not-full\" data-fetch=\"true\">\n<p style=\"text-align: justify;\">H\u00e1 a estimativa que, ap\u00f3s o trabalho do grupo de estudos,\u00a0<em><strong>apenas 200 canais ir\u00e3o para a faixa FM estendida<\/strong><\/em>. Vale recordar que esse n\u00famero era de 323 na consulta p\u00fablica de n\u00famero 70.<\/p>\n<p style=\"text-align: justify;\">Cintra destacou que mercados importantes como\u00a0<em><strong>Florian\u00f3polis, Bras\u00edlia, Goi\u00e2nia e Fortaleza s\u00e3o poss\u00edveis de obter espa\u00e7os em FM convencional<\/strong><\/em>, tendo a capital catarinense com a maior possibilidade. Isso ser\u00e1 poss\u00edvel atrav\u00e9s de uma solu\u00e7\u00e3o t\u00e9cnica fact\u00edvel indicada pelo grupo de estudos, apresentada \u00e0 Anatel e ao MCom.<\/p>\n<p style=\"text-align: justify;\">\n<figure style=\"width: 400px\" class=\"wp-caption aligncenter\"><img decoding=\"async\" src=\"https:\/\/tudoradio.com\/img\/uploads\/noticias\/6051103b37b24.jpg\" alt=\"\" width=\"400\" height=\"211\" \/><figcaption class=\"wp-caption-text\">Engenheiro Andr\u00e9 Cintra, da ABERT, em participa\u00e7\u00e3o no 1\u00ba Encontro Virtual do Comit\u00ea T\u00e9cnico de 2021<\/figcaption><\/figure>\n<p style=\"text-align: justify;\">\n<p style=\"text-align: justify;\">J\u00e1 S\u00e3o Paulo, Rio de Janeiro, Curitiba, Recife, Salvador e Ribeir\u00e3o Preto, citadas por Cintra, s\u00e3o exemplos de mercados que n\u00e3o t\u00eam solu\u00e7\u00e3o de uso da faixa FM convencional para as migrantes AM-FM. Na sequ\u00eancia, o engenheiro Eduardo Cappia (que apresentou o encontro), lembrou que o\u00a0<em><strong>maior problema de canaliza\u00e7\u00e3o est\u00e1 no estado de S\u00e3o Paulo, em especial a capital e a regi\u00e3o metropolitana.<\/strong><\/em><\/p>\n<p style=\"text-align: justify;\">Andr\u00e9 Cintra colabora com a observa\u00e7\u00e3o de Cappia, indicando as\u00a0<em><strong>demais localidades do interior do pa\u00eds poder\u00e3o contar com migrantes na faixa FM convencional<\/strong><\/em>, tendo S\u00e3o Paulo como a exce\u00e7\u00e3o. Tamb\u00e9m existem pend\u00eancias nas faixas de fronteira, dependendo da aprova\u00e7\u00e3o do Mercosul para efetivar a canaliza\u00e7\u00e3o em FM convencional.<\/p>\n<p style=\"text-align: justify;\" data-fetch=\"true\">Possivelmente a organiza\u00e7\u00e3o do FM estendido, com a previs\u00e3o de 200 canais, deve sofrer mudan\u00e7as em rela\u00e7\u00e3o \u00e0 canaliza\u00e7\u00e3o da consulta p\u00fablica 70\/2020, devido \u00e0 realoca\u00e7\u00e3o dos canais poss\u00edveis em FM convencional ap\u00f3s os estudos do grupo de estudos.<\/p>\n<p style=\"text-align: justify;\">Outro detalhe destacado por Cintra \u00e9 de que\u00a0<em><strong>nenhuma FM j\u00e1 existente foi ou ser\u00e1 limitada no processo<\/strong><\/em>. As redu\u00e7\u00f5es ocorrem apenas com as migrantes AM-FM que aceitaram a diminui\u00e7\u00e3o em rela\u00e7\u00e3o \u00e0\u00a0<strong><a href=\"https:\/\/tudoradio.com\/conteudo\/ver\/1-O-Radio-Tecnica\">classe de opera\u00e7\u00e3o<\/a><\/strong> que tinha direito para poder ser alocado em FM convencional e n\u00e3o em estendido.<\/p>\n<p style=\"text-align: justify;\"><strong>FMe e FM convencional?<\/strong><\/p>\n<p style=\"text-align: justify;\">O eFM, ou FM estendido, faixa entre 76.1 FM a 87.3 FM, \u00e9 o espa\u00e7o destinado para as migrantes AM-FM em regi\u00f5es do pa\u00eds onde &#8220;FM convencional&#8221; est\u00e1 congestionado. Eles foram poss\u00edveis ap\u00f3s o desligamento dos canais 5 e 6 de televis\u00e3o anal\u00f3gica.<\/p>\n<p style=\"text-align: justify;\">J\u00e1 a faixa FM convencional \u00e9 aquela j\u00e1 utilizada no Brasil, de FM 87.5 MHz a 107.9 MHz.<\/p>\n<\/div>\n<p>&nbsp;<\/p>\n<\/div>\n<\/div>\n<\/div>\n<p>Fonte: Tudor\u00e1dio<\/p>\n<div id=\"b\">\n<div class=\"conteudo-noticia\">\n<div class=\"conteudo materias\">\n<div class=\"not-full\" data-fetch=\"true\">\n<div class=\"pp-box-adunit pp-ad-loading pp-type-intext\">\n<div class=\"pp-adunit\">\n<div class=\"pp-ad\">\n<div id=\"P_TUDO_RADIO_INTEXT_03_0\" data-premium=\"\" data-adunit=\"TUDO_RADIO_INTEXT_03\" data-sizes-mobile=\"[[336,280],[300,250]]\" data-sizes-desktop=\"[[336,280],[300,250]]\" data-type=\"intext\" data-fetch=\"true\" data-google-query-id=\"CP6akILGt-8CFfcEuQYdzHoEqQ\"><\/div>\n<\/div>\n<\/div>\n<\/div>\n<\/div>\n<\/div>\n<\/div>\n<\/div>\n<\/div>\n<\/div>\n<\/div>\n<\/div>\n<\/div>\n","protected":false},"excerpt":{"rendered":"<p>A Associa\u00e7\u00e3o das Emissoras de R\u00e1dio e Televis\u00e3o do Estado&hellip;<\/p>\n<p> <a class=\"more-link\" href=\"https:\/\/sertsc.org.br\/site\/ministerio-planeja-utilizar-fm-estendido-a-partir-de-maio-comite-tecnico-detalha-uso-do-efm-e-faixa-convencional\/\">Leia mais<\/a><\/p>\n","protected":false},"author":1,"featured_media":14891,"comment_status":"open","ping_status":"open","sticky":false,"template":"","format":"standard","meta":{"footnotes":""},"categories":[3],"tags":[],"class_list":{"0":"post-14890","1":"post","2":"type-post","3":"status-publish","4":"format-standard","5":"has-post-thumbnail","7":"category-noticias"},"_links":{"self":[{"href":"https:\/\/sertsc.org.br\/site\/wp-json\/wp\/v2\/posts\/14890","targetHints":{"allow":["GET"]}}],"collection":[{"href":"https:\/\/sertsc.org.br\/site\/wp-json\/wp\/v2\/posts"}],"about":[{"href":"https:\/\/sertsc.org.br\/site\/wp-json\/wp\/v2\/types\/post"}],"author":[{"embeddable":true,"href":"https:\/\/sertsc.org.br\/site\/wp-json\/wp\/v2\/users\/1"}],"replies":[{"embeddable":true,"href":"https:\/\/sertsc.org.br\/site\/wp-json\/wp\/v2\/comments?post=14890"}],"version-history":[{"count":0,"href":"https:\/\/sertsc.org.br\/site\/wp-json\/wp\/v2\/posts\/14890\/revisions"}],"wp:featuredmedia":[{"embeddable":true,"href":"https:\/\/sertsc.org.br\/site\/wp-json\/"}],"wp:attachment":[{"href":"https:\/\/sertsc.org.br\/site\/wp-json\/wp\/v2\/media?parent=14890"}],"wp:term":[{"taxonomy":"category","embeddable":true,"href":"https:\/\/sertsc.org.br\/site\/wp-json\/wp\/v2\/categories?post=14890"},{"taxonomy":"post_tag","embeddable":true,"href":"https:\/\/sertsc.org.br\/site\/wp-json\/wp\/v2\/tags?post=14890"}],"curies":[{"name":"wp","href":"https:\/\/api.w.org\/{rel}","templated":true}]}}