{"id":14877,"date":"2021-03-16T09:15:43","date_gmt":"2021-03-16T12:15:43","guid":{"rendered":"https:\/\/www.sertsc.org.br\/site\/?p=14877"},"modified":"2021-03-16T09:15:43","modified_gmt":"2021-03-16T12:15:43","slug":"anpd-aponta-riscos-de-uso-inadequado-de-dados-pessoais","status":"publish","type":"post","link":"https:\/\/sertsc.org.br\/site\/anpd-aponta-riscos-de-uso-inadequado-de-dados-pessoais\/","title":{"rendered":"ANPD aponta riscos de uso inadequado de dados pessoais"},"content":{"rendered":"<p style=\"text-align: justify;\">No dia 15 de mar\u00e7o \u00e9 comemorado o Dia do Consumidor. Neste contexto, a Autoridade Nacional de Prote\u00e7\u00e3o de Dados (ANPD) alerta para os riscos de usos inadequados de dados, inclusive por meio de golpes e fraudes, em um cen\u00e1rio no qual s\u00e3o realizadas in\u00fameras transa\u00e7\u00f5es consumeristas por meio do com\u00e9rcio eletr\u00f4nico.<\/p>\n<p style=\"text-align: justify;\">Em nota divulgada nesta segunda-feira, 15, a\u00a0<a href=\"https:\/\/teletime.com.br\/17\/02\/2021\/anpd-e-senacon-firmam-acordo-de-cooperacao-para-protecao-de-dados-de-consumidores\/\" target=\"_blank\" rel=\"noreferrer noopener follow\" data-wpel-link=\"internal\">Autoridade diz que se encontra em fase final de negocia\u00e7\u00e3o um acordo de coopera\u00e7\u00e3o t\u00e9cnica com a Secretaria Nacional do Consumidor (Senacon)<\/a>, com vistas a promover a coopera\u00e7\u00e3o entre a ANPD e os diferentes \u00f3rg\u00e3os e entidades integrantes do Sistema Nacional de Defesa do Consumidor.<\/p>\n<p style=\"text-align: justify;\">A entidade lembra que \u00e9 no \u00e2mbito das rela\u00e7\u00f5es de consumo que ocorre parte significativa das atividades de tratamento de dados pessoais. No atual contexto de pandemia e\u00a0<a href=\"https:\/\/teletime.com.br\/15\/03\/2021\/covid-19-medicao-de-distanciamento-social-perde-forca-no-brasil\/\" target=\"_blank\" rel=\"noreferrer noopener follow\" data-wpel-link=\"internal\">isolamento social<\/a>, chama a aten\u00e7\u00e3o o aumento das transa\u00e7\u00f5es realizadas por meio do com\u00e9rcio eletr\u00f4nico e, por sua vez, a crescente import\u00e2ncia dos dados pessoais como insumo para tais atividades econ\u00f4micas.<\/p>\n<p style=\"text-align: justify;\">&#8220;Nesse sentido, \u00e9 importante recordar que os consumidores n\u00e3o precisam e nem devem fornecer dados em excesso e que t\u00eam direito ao acesso facilitado quanto aos dados que a organiza\u00e7\u00e3o tem a seu respeito, assim como a informa\u00e7\u00f5es sobre com quem ela os compartilha. O titular de dados tem, ainda, o direito de revogar o consentimento eventualmente concedido e a solicitar a corre\u00e7\u00e3o de dados incompletos, inexatos ou desatualizados&#8221;, diz a ANPD no comunicado.<\/p>\n<p style=\"text-align: justify;\"><strong>LGPD e Direito do Consumidor<\/strong><\/p>\n<p style=\"text-align: justify;\">Na nota, a ANPD tamb\u00e9m lembra que exist\u00eancia da LGPD ampliou significativamente o leque dos direitos do consumidor j\u00e1 previstos no CDC, estabelecendo que qualquer atividade de tratamento de dados pessoais requer uma base legal. Al\u00e9m disso, &#8220;a Lei estabeleceu uma s\u00e9rie de obriga\u00e7\u00f5es para as empresas, que incluem a ado\u00e7\u00e3o de medidas t\u00e9cnicas e administrativas para assegurar que os dados sejam tratados em conformidade com a legisla\u00e7\u00e3o, o tratamento de dados limitado ao m\u00ednimo necess\u00e1rio para o atingimento da finalidade informada ao titular e o estabelecimento de um canal de contato com os titulares de dados pessoais&#8221;.<\/p>\n<p style=\"text-align: justify;\">\n<p style=\"text-align: justify;\">Fonte: Teletime<\/p>\n","protected":false},"excerpt":{"rendered":"<p>No dia 15 de mar\u00e7o \u00e9 comemorado o Dia do&hellip;<\/p>\n<p> <a class=\"more-link\" href=\"https:\/\/sertsc.org.br\/site\/anpd-aponta-riscos-de-uso-inadequado-de-dados-pessoais\/\">Leia mais<\/a><\/p>\n","protected":false},"author":1,"featured_media":14878,"comment_status":"open","ping_status":"open","sticky":false,"template":"","format":"standard","meta":{"footnotes":""},"categories":[3],"tags":[],"class_list":{"0":"post-14877","1":"post","2":"type-post","3":"status-publish","4":"format-standard","5":"has-post-thumbnail","7":"category-noticias"},"_links":{"self":[{"href":"https:\/\/sertsc.org.br\/site\/wp-json\/wp\/v2\/posts\/14877","targetHints":{"allow":["GET"]}}],"collection":[{"href":"https:\/\/sertsc.org.br\/site\/wp-json\/wp\/v2\/posts"}],"about":[{"href":"https:\/\/sertsc.org.br\/site\/wp-json\/wp\/v2\/types\/post"}],"author":[{"embeddable":true,"href":"https:\/\/sertsc.org.br\/site\/wp-json\/wp\/v2\/users\/1"}],"replies":[{"embeddable":true,"href":"https:\/\/sertsc.org.br\/site\/wp-json\/wp\/v2\/comments?post=14877"}],"version-history":[{"count":0,"href":"https:\/\/sertsc.org.br\/site\/wp-json\/wp\/v2\/posts\/14877\/revisions"}],"wp:featuredmedia":[{"embeddable":true,"href":"https:\/\/sertsc.org.br\/site\/wp-json\/"}],"wp:attachment":[{"href":"https:\/\/sertsc.org.br\/site\/wp-json\/wp\/v2\/media?parent=14877"}],"wp:term":[{"taxonomy":"category","embeddable":true,"href":"https:\/\/sertsc.org.br\/site\/wp-json\/wp\/v2\/categories?post=14877"},{"taxonomy":"post_tag","embeddable":true,"href":"https:\/\/sertsc.org.br\/site\/wp-json\/wp\/v2\/tags?post=14877"}],"curies":[{"name":"wp","href":"https:\/\/api.w.org\/{rel}","templated":true}]}}