{"id":14859,"date":"2021-03-15T08:01:40","date_gmt":"2021-03-15T11:01:40","guid":{"rendered":"https:\/\/www.sertsc.org.br\/site\/?p=14859"},"modified":"2021-03-15T08:01:40","modified_gmt":"2021-03-15T11:01:40","slug":"sert-sc-homenageia-radialista-mais-antigo-em-atividade-em-santa-catarina","status":"publish","type":"post","link":"https:\/\/sertsc.org.br\/site\/sert-sc-homenageia-radialista-mais-antigo-em-atividade-em-santa-catarina\/","title":{"rendered":"SERT\/SC homenageia radialista mais antigo em atividade em Santa Catarina"},"content":{"rendered":"<p style=\"text-align: justify;\">Na madrugada deste domingo (14\/3), na cidade de Imbituba, faleceu Manuel de Oliveira Martins, o profissional que h\u00e1 mais tempo atuava no r\u00e1dio catarinense. Maneca, como era carinhosamente chamado, trabalhava na Bandeirantes de Imbituba desde 1957.<\/p>\n<p style=\"text-align: justify;\">Nascido no dia 11 de maio de 1932 em Pescaria Brava, Manoel de Oliveira Martins iniciou sua trajet\u00f3ria no r\u00e1dio aos 24 anos de idade. Passou por diversas emissoras e atuou em momentos importantes da hist\u00f3ria do estado, como a transmiss\u00e3o da cerim\u00f4nia de emancipa\u00e7\u00e3o do munic\u00edpio de Imbituba, ocorrida na Assembleia Legislativa de Santa Catarina.<\/p>\n<p style=\"text-align: justify;\">A carreira de Maneca foi marcada pela versatilidade dentro e fora do r\u00e1dio. Foi eleito vereador por duas vezes, chegando a ser presidente da C\u00e2mara Municipal de Imbituba. Tamb\u00e9m atuou como assessor de imprensa da Ind\u00fastria Cer\u00e2mica de Imbituba e ocupou diversos cargos no Imbituba Atl\u00e9tico Clube, incluindo os de secret\u00e1rio, diretor social e vice-presidente. Trabalhou em diversos jornais e, como escritor, lan\u00e7ou o livro Imbituba: Hist\u00f3ria e Desenvolvimento.<\/p>\n<p style=\"text-align: justify;\">No domingo (14\/3), a presidente do SERT\/SC, Ana Paula Melo, emitiu a seguinte nota em homenagem ao radialista:<\/p>\n<p style=\"text-align: justify;\">&#8220;Com imenso pesar, o SERT\/SC lamenta o falecimento, aos 89 anos de idade, do radialista Manoel de Oliveira Martins, da r\u00e1dio Bandeirantes de Imbituba. Maneca, como era conhecido por muitos, atuava na emissora desde 1957, sendo o radialista mais antigo em atividade no estado de Santa Catarina.&#8221;<\/p>\n<p style=\"text-align: justify;\">&#8220;A morte de Maneca deixa uma enorme lacuna na radiodifus\u00e3o catarinense. Deixa tamb\u00e9m uma enorme saudade no p\u00fablico que o acompanhava. Em nome da radiodifus\u00e3o catarinense, presto minhas condol\u00eancias aos familiares, amigos, colegas de trabalho e ouvintes desse grande profissional.&#8221;<\/p>\n","protected":false},"excerpt":{"rendered":"<p>Na madrugada deste domingo (14\/3), na cidade de Imbituba, faleceu&hellip;<\/p>\n<p> <a class=\"more-link\" href=\"https:\/\/sertsc.org.br\/site\/sert-sc-homenageia-radialista-mais-antigo-em-atividade-em-santa-catarina\/\">Leia mais<\/a><\/p>\n","protected":false},"author":1,"featured_media":14860,"comment_status":"open","ping_status":"open","sticky":false,"template":"","format":"standard","meta":{"footnotes":""},"categories":[3],"tags":[],"class_list":{"0":"post-14859","1":"post","2":"type-post","3":"status-publish","4":"format-standard","5":"has-post-thumbnail","7":"category-noticias"},"_links":{"self":[{"href":"https:\/\/sertsc.org.br\/site\/wp-json\/wp\/v2\/posts\/14859","targetHints":{"allow":["GET"]}}],"collection":[{"href":"https:\/\/sertsc.org.br\/site\/wp-json\/wp\/v2\/posts"}],"about":[{"href":"https:\/\/sertsc.org.br\/site\/wp-json\/wp\/v2\/types\/post"}],"author":[{"embeddable":true,"href":"https:\/\/sertsc.org.br\/site\/wp-json\/wp\/v2\/users\/1"}],"replies":[{"embeddable":true,"href":"https:\/\/sertsc.org.br\/site\/wp-json\/wp\/v2\/comments?post=14859"}],"version-history":[{"count":0,"href":"https:\/\/sertsc.org.br\/site\/wp-json\/wp\/v2\/posts\/14859\/revisions"}],"wp:featuredmedia":[{"embeddable":true,"href":"https:\/\/sertsc.org.br\/site\/wp-json\/"}],"wp:attachment":[{"href":"https:\/\/sertsc.org.br\/site\/wp-json\/wp\/v2\/media?parent=14859"}],"wp:term":[{"taxonomy":"category","embeddable":true,"href":"https:\/\/sertsc.org.br\/site\/wp-json\/wp\/v2\/categories?post=14859"},{"taxonomy":"post_tag","embeddable":true,"href":"https:\/\/sertsc.org.br\/site\/wp-json\/wp\/v2\/tags?post=14859"}],"curies":[{"name":"wp","href":"https:\/\/api.w.org\/{rel}","templated":true}]}}